{"id":103781,"date":"2026-04-23T06:42:21","date_gmt":"2026-04-23T12:42:21","guid":{"rendered":"https:\/\/elinformante.mx\/?p=103781"},"modified":"2026-04-23T06:42:31","modified_gmt":"2026-04-23T12:42:31","slug":"mercados-en-gustavo-a-madero-se-transforman-rumbo-al-mundial-2026","status":"publish","type":"post","link":"https:\/\/elinformante.mx\/?p=103781","title":{"rendered":"Mercados en Gustavo A. Madero se transforman rumbo al Mundial 2026"},"content":{"rendered":"\n<figure class=\"wp-block-pullquote\"><blockquote><p>La alcald\u00eda destina apoyos directos y recursos hist\u00f3ricos para modernizar 54 mercados y convertirlos en ejes comunitarios ante la llegada de visitantes.<\/p><\/blockquote><\/figure>\n\n\n\n<p class=\"has-drop-cap\">La Gustavo A. Madero anunci\u00f3 una inversi\u00f3n sin precedentes para rehabilitar sus mercados p\u00fablicos de cara a la Copa Mundial de la FIFA 2026, con el objetivo de fortalecerlos como espacios comunitarios y puntos clave de atenci\u00f3n para visitantes.<br><\/p>\n\n\n\n<p>El alcalde Janecarlo Lozano encabez\u00f3 la entrega simb\u00f3lica de apoyos econ\u00f3micos de 300 mil pesos a cada uno de los 54 mercados de la demarcaci\u00f3n, recursos que ser\u00e1n administrados directamente por locatarios y mesas directivas para garantizar su aplicaci\u00f3n en mejoras prioritarias.<br><\/p>\n\n\n\n<p>Como parte de la estrategia \u201cMercados Coraz\u00f3n del Mundial\u201d, tambi\u00e9n se contempla una inversi\u00f3n de 25 millones de pesos para la remodelaci\u00f3n de 17 centros de abasto durante 2025, enfocada en el mantenimiento, embellecimiento y adecuaci\u00f3n de estos espacios.<br><\/p>\n\n\n\n<p>El edil destac\u00f3 que la iniciativa busca que los mercados no solo funcionen como puntos de comercio, sino como el n\u00facleo de un &#8220;mundial social&#8221; que beneficie directamente a barrios, comerciantes y comunidades locales.<br><\/p>\n\n\n\n<p>Asimismo, inform\u00f3 que, como complemento a esta estrategia, se prev\u00e9 una derrama econ\u00f3mica superior a los 40 millones de pesos mediante programas sociales que impulsar\u00e1n el consumo en mercados p\u00fablicos de la alcald\u00eda.<br><\/p>\n\n\n\n<p>Con estas acciones, el gobierno local busca posicionar a los mercados como espacios de convivencia, identidad y desarrollo econ\u00f3mico, preparados para recibir a miles de visitantes durante la justa mundialista.<\/p>\n","protected":false},"excerpt":{"rendered":"<p>La alcald\u00eda destina apoyos directos y recursos hist\u00f3ricos para modernizar 54 mercados y convertirlos en ejes comunitarios ante la llegada de visitantes. La Gustavo A. Madero anunci\u00f3 una inversi\u00f3n sin precedentes para rehabilitar sus mercados p\u00fablicos de cara a la Copa Mundial de la FIFA 2026, con el objetivo de fortalecerlos como espacios comunitarios y [&hellip;]<\/p>\n","protected":false},"author":1,"featured_media":103784,"comment_status":"closed","ping_status":"closed","sticky":false,"template":"","format":"standard","meta":{"footnotes":""},"categories":[35,30],"tags":[],"class_list":["post-103781","post","type-post","status-publish","format-standard","has-post-thumbnail","hentry","category-cdmx","category-destacado"],"_links":{"self":[{"href":"https:\/\/elinformante.mx\/index.php?rest_route=\/wp\/v2\/posts\/103781","targetHints":{"allow":["GET"]}}],"collection":[{"href":"https:\/\/elinformante.mx\/index.php?rest_route=\/wp\/v2\/posts"}],"about":[{"href":"https:\/\/elinformante.mx\/index.php?rest_route=\/wp\/v2\/types\/post"}],"author":[{"embeddable":true,"href":"https:\/\/elinformante.mx\/index.php?rest_route=\/wp\/v2\/users\/1"}],"replies":[{"embeddable":true,"href":"https:\/\/elinformante.mx\/index.php?rest_route=%2Fwp%2Fv2%2Fcomments&post=103781"}],"version-history":[{"count":0,"href":"https:\/\/elinformante.mx\/index.php?rest_route=\/wp\/v2\/posts\/103781\/revisions"}],"wp:featuredmedia":[{"embeddable":true,"href":"https:\/\/elinformante.mx\/index.php?rest_route=\/wp\/v2\/media\/103784"}],"wp:attachment":[{"href":"https:\/\/elinformante.mx\/index.php?rest_route=%2Fwp%2Fv2%2Fmedia&parent=103781"}],"wp:term":[{"taxonomy":"category","embeddable":true,"href":"https:\/\/elinformante.mx\/index.php?rest_route=%2Fwp%2Fv2%2Fcategories&post=103781"},{"taxonomy":"post_tag","embeddable":true,"href":"https:\/\/elinformante.mx\/index.php?rest_route=%2Fwp%2Fv2%2Ftags&post=103781"}],"curies":[{"name":"wp","href":"https:\/\/api.w.org\/{rel}","templated":true}]}}