{"id":103785,"date":"2026-04-23T06:45:28","date_gmt":"2026-04-23T12:45:28","guid":{"rendered":"https:\/\/elinformante.mx\/?p=103785"},"modified":"2026-04-23T06:45:33","modified_gmt":"2026-04-23T12:45:33","slug":"clara-brugada-presenta-reforma-de-rentas-justas-para-cdmx","status":"publish","type":"post","link":"https:\/\/elinformante.mx\/?p=103785","title":{"rendered":"Clara Brugada presenta Reforma de Rentas Justas para CDMX"},"content":{"rendered":"\n<figure class=\"wp-block-pullquote\"><blockquote><p>La iniciativa incluye la ampliaci\u00f3n de la reserva territorial mediante la adquisici\u00f3n de suelo y el incremento de la oferta de vivienda social y asequible<\/p><\/blockquote><\/figure>\n\n\n\n<p class=\"has-drop-cap\">La Jefa de Gobierno, Clara Brugada Molina, present\u00f3 la iniciativa de reforma constitucional que enviar\u00e1 al Congreso de la Ciudad de M\u00e9xico para garantizar el derecho al arraigo comunitario; establecer rentas justas, razonables y asequibles, y transformar de fondo las relaciones entre inquilinos y arrendadores en la capital del pa\u00eds.<br><\/p>\n\n\n\n<p>La mandataria capitalina indic\u00f3 que con el env\u00edo de la iniciativa se busca elevar a rango constitucional un conjunto de reformas en materia de vivienda en renta y dar as\u00ed la mayor protecci\u00f3n jur\u00eddica posible.<br><\/p>\n\n\n\n<p>Indic\u00f3 que la segunda etapa continuar\u00e1 con la presentaci\u00f3n de la Ley de Rentas Justas, Razonables y Asequibles para dar respuesta a una leg\u00edtima exigencia de grandes mayor\u00edas sociales, una demanda que hist\u00f3ricamente ha sido levantada desde las calles, expresada en foros y en diversos espacios de participaci\u00f3n y ha sido enarbolada tambi\u00e9n por movimientos y organizaciones de la sociedad civil.<br><\/p>\n\n\n\n<p>Brugada Molina subray\u00f3 que la iniciativa incorpora cuatro ejes estructurales, donde el primero de ellos propone establecer a nivel constitucional que los precios de las rentas no pueden subir por encima de la inflaci\u00f3n, y de esta manera tratar de elevar al m\u00e1ximo nivel jur\u00eddico este principio fundamental de justicia.<br><\/p>\n\n\n\n<p>El segundo, busca incluir en la Constituci\u00f3n la obligaci\u00f3n del Gobierno de articular una pol\u00edtica integral para incrementar de manera significativa la oferta de vivienda social y asequible, as\u00ed como los mecanismos de acceso a la misma vivienda, en particular a los sectores que menos recursos tienen y a los j\u00f3venes, a fin de contribuir al arraigo vecinal, disminuir las desigualdades territoriales y construir relaciones inquilinarias justas y equilibradas.<br><\/p>\n\n\n\n<p>Adem\u00e1s de considerar como mandato que el Gobierno capitalino ampl\u00ede su reserva territorial para la producci\u00f3n de vivienda.<br><\/p>\n\n\n\n<p>Como tercer eje, se considera incorporar en la Constituci\u00f3n la creaci\u00f3n de la Defensor\u00eda de los Derechos Inquilinarios, encargada de la promoci\u00f3n y de la defensa de los derechos y obligaciones de las relaciones entre arrendadores y arrendatarios.<br><\/p>\n\n\n\n<p>El \u00faltimo eje plantea incorporar el derecho constitucional de todos los habitantes de la ciudad al arraigo vecinal y comunitario; al v\u00ednculo social, cultural, econ\u00f3mico y territorial, y a la permanencia donde hayan desarrollado sus proyectos de vida.<br><\/p>\n\n\n\n<p>Con ello, la Ciudad de M\u00e9xico se posiciona a la vanguardia al establecer, desde su Constituci\u00f3n, mecanismos concretos para contener el alza de rentas y enfrentar fen\u00f3menos como la gentrificaci\u00f3n. La Jefa de Gobierno hizo un llamado respetuoso al Congreso local para iniciar el an\u00e1lisis de la propuesta y, posteriormente, someterla a discusi\u00f3n en el pleno.<br><\/p>\n\n\n\n<p>Explic\u00f3 que esta reforma representa la primera etapa de una ruta legislativa que culminar\u00e1 con la presentaci\u00f3n de la Ley de Rentas Justas, razonables y asequibles.<\/p>\n","protected":false},"excerpt":{"rendered":"<p>La iniciativa incluye la ampliaci\u00f3n de la reserva territorial mediante la adquisici\u00f3n de suelo y el incremento de la oferta de vivienda social y asequible La Jefa de Gobierno, Clara Brugada Molina, present\u00f3 la iniciativa de reforma constitucional que enviar\u00e1 al Congreso de la Ciudad de M\u00e9xico para garantizar el derecho al arraigo comunitario; establecer [&hellip;]<\/p>\n","protected":false},"author":1,"featured_media":103788,"comment_status":"closed","ping_status":"closed","sticky":false,"template":"","format":"standard","meta":{"footnotes":""},"categories":[35,30],"tags":[],"class_list":["post-103785","post","type-post","status-publish","format-standard","has-post-thumbnail","hentry","category-cdmx","category-destacado"],"_links":{"self":[{"href":"https:\/\/elinformante.mx\/index.php?rest_route=\/wp\/v2\/posts\/103785","targetHints":{"allow":["GET"]}}],"collection":[{"href":"https:\/\/elinformante.mx\/index.php?rest_route=\/wp\/v2\/posts"}],"about":[{"href":"https:\/\/elinformante.mx\/index.php?rest_route=\/wp\/v2\/types\/post"}],"author":[{"embeddable":true,"href":"https:\/\/elinformante.mx\/index.php?rest_route=\/wp\/v2\/users\/1"}],"replies":[{"embeddable":true,"href":"https:\/\/elinformante.mx\/index.php?rest_route=%2Fwp%2Fv2%2Fcomments&post=103785"}],"version-history":[{"count":0,"href":"https:\/\/elinformante.mx\/index.php?rest_route=\/wp\/v2\/posts\/103785\/revisions"}],"wp:featuredmedia":[{"embeddable":true,"href":"https:\/\/elinformante.mx\/index.php?rest_route=\/wp\/v2\/media\/103788"}],"wp:attachment":[{"href":"https:\/\/elinformante.mx\/index.php?rest_route=%2Fwp%2Fv2%2Fmedia&parent=103785"}],"wp:term":[{"taxonomy":"category","embeddable":true,"href":"https:\/\/elinformante.mx\/index.php?rest_route=%2Fwp%2Fv2%2Fcategories&post=103785"},{"taxonomy":"post_tag","embeddable":true,"href":"https:\/\/elinformante.mx\/index.php?rest_route=%2Fwp%2Fv2%2Ftags&post=103785"}],"curies":[{"name":"wp","href":"https:\/\/api.w.org\/{rel}","templated":true}]}}