{"id":103787,"date":"2026-04-23T06:46:44","date_gmt":"2026-04-23T12:46:44","guid":{"rendered":"https:\/\/elinformante.mx\/?p=103787"},"modified":"2026-04-23T06:46:49","modified_gmt":"2026-04-23T12:46:49","slug":"sheinbaum-presenta-estrategia-de-atencion-a-la-salud-mental-juvenil","status":"publish","type":"post","link":"https:\/\/elinformante.mx\/?p=103787","title":{"rendered":"Sheinbaum presenta estrategia de atenci\u00f3n a la salud mental juvenil"},"content":{"rendered":"\n<figure class=\"wp-block-pullquote\"><blockquote><p>La iniciativa El ABC de las Emociones busca prevenir el malestar psicol\u00f3gico, la violencia y el suicidio entre j\u00f3venes en todo el pa\u00eds.<\/p><\/blockquote><\/figure>\n\n\n\n<p class=\"has-drop-cap\">La presidenta de M\u00e9xico, Claudia Sheinbaum Pardo, present\u00f3 la Estrategia Nacional de Atenci\u00f3n a la Salud Mental para las y los j\u00f3venes: El ABC de las Emociones, un programa integral que articula acciones educativas, comunitarias y de salud p\u00fablica para fortalecer el bienestar socioemocional de este sector.<br><\/p>\n\n\n\n<p>Durante la conferencia matutina, la mandataria subray\u00f3 que se trata de una estrategia de car\u00e1cter colectivo que involucra a toda la sociedad. Cuidarnos es una actividad colectiva, enfatiz\u00f3, al destacar la participaci\u00f3n de familias, escuelas, instituciones y comunidades en la atenci\u00f3n de la salud mental.<br><\/p>\n\n\n\n<p>La estrategia se estructura en seis ejes principales: una campa\u00f1a masiva de sensibilizaci\u00f3n; la distribuci\u00f3n de 18 millones de gu\u00edas dirigidas a estudiantes, docentes y familias; actividades semanales en escuelas; asambleas informativas; pl\u00e1ticas interactivas con especialistas y autoridades; y el fortalecimiento de la L\u00ednea de la Vida.<br><\/p>\n\n\n\n<p>El secretario de Salud, David Kershenobich, se\u00f1al\u00f3 que esta pol\u00edtica responde a datos recientes que muestran que el 10 por ciento de j\u00f3venes entre 12 y 17 a\u00f1os presenta malestar psicol\u00f3gico, mientras que el 3.3 por ciento reporta ideaci\u00f3n suicida, lo que evidencia la urgencia de acciones preventivas y oportunas.<br><\/p>\n\n\n\n<p>En el \u00e1mbito educativo, el titular de la Secretar\u00eda de Educaci\u00f3n P\u00fablica, Mario Delgado Carrillo, destac\u00f3 que la Nueva Escuela Mexicana incorpora el desarrollo emocional como parte fundamental de la formaci\u00f3n de estudiantes, promoviendo habilidades para reconocer y gestionar sus emociones.<br><\/p>\n\n\n\n<p>Por su parte, la subsecretaria de Educaci\u00f3n Media Superior, Tania Rodr\u00edguez Mora, detall\u00f3 que a partir de mayo se implementar\u00e1n sesiones semanales en aulas de secundaria y bachillerato, adem\u00e1s de la entrega de materiales educativos enfocados en el manejo emocional, el impacto de redes sociales y la identificaci\u00f3n de se\u00f1ales de alerta.<br><\/p>\n\n\n\n<p>Asimismo, la titular de la Comisi\u00f3n Nacional de Salud Mental y Adicciones, Yerania Enr\u00edquez, inform\u00f3 que brigadas especializadas recorrer\u00e1n escuelas para ofrecer pl\u00e1ticas interactivas y promover el autocuidado, mientras que se reforzar\u00e1 la atenci\u00f3n a trav\u00e9s de la L\u00ednea de la Vida 800 911 2000.<br><\/p>\n\n\n\n<p>La estrategia iniciar\u00e1 en mayo con acciones inmediatas en escuelas y campa\u00f1as de sensibilizaci\u00f3n, consolid\u00e1ndose como una pol\u00edtica p\u00fablica prioritaria para atender de manera temprana, integral y no estigmatizante la salud mental de las y los j\u00f3venes en M\u00e9xico.<\/p>\n","protected":false},"excerpt":{"rendered":"<p>La iniciativa El ABC de las Emociones busca prevenir el malestar psicol\u00f3gico, la violencia y el suicidio entre j\u00f3venes en todo el pa\u00eds. La presidenta de M\u00e9xico, Claudia Sheinbaum Pardo, present\u00f3 la Estrategia Nacional de Atenci\u00f3n a la Salud Mental para las y los j\u00f3venes: El ABC de las Emociones, un programa integral que articula [&hellip;]<\/p>\n","protected":false},"author":1,"featured_media":103790,"comment_status":"closed","ping_status":"closed","sticky":false,"template":"","format":"standard","meta":{"footnotes":""},"categories":[34],"tags":[],"class_list":["post-103787","post","type-post","status-publish","format-standard","has-post-thumbnail","hentry","category-nacional"],"_links":{"self":[{"href":"https:\/\/elinformante.mx\/index.php?rest_route=\/wp\/v2\/posts\/103787","targetHints":{"allow":["GET"]}}],"collection":[{"href":"https:\/\/elinformante.mx\/index.php?rest_route=\/wp\/v2\/posts"}],"about":[{"href":"https:\/\/elinformante.mx\/index.php?rest_route=\/wp\/v2\/types\/post"}],"author":[{"embeddable":true,"href":"https:\/\/elinformante.mx\/index.php?rest_route=\/wp\/v2\/users\/1"}],"replies":[{"embeddable":true,"href":"https:\/\/elinformante.mx\/index.php?rest_route=%2Fwp%2Fv2%2Fcomments&post=103787"}],"version-history":[{"count":0,"href":"https:\/\/elinformante.mx\/index.php?rest_route=\/wp\/v2\/posts\/103787\/revisions"}],"wp:featuredmedia":[{"embeddable":true,"href":"https:\/\/elinformante.mx\/index.php?rest_route=\/wp\/v2\/media\/103790"}],"wp:attachment":[{"href":"https:\/\/elinformante.mx\/index.php?rest_route=%2Fwp%2Fv2%2Fmedia&parent=103787"}],"wp:term":[{"taxonomy":"category","embeddable":true,"href":"https:\/\/elinformante.mx\/index.php?rest_route=%2Fwp%2Fv2%2Fcategories&post=103787"},{"taxonomy":"post_tag","embeddable":true,"href":"https:\/\/elinformante.mx\/index.php?rest_route=%2Fwp%2Fv2%2Ftags&post=103787"}],"curies":[{"name":"wp","href":"https:\/\/api.w.org\/{rel}","templated":true}]}}