{"id":103791,"date":"2026-04-23T06:50:01","date_gmt":"2026-04-23T12:50:01","guid":{"rendered":"https:\/\/elinformante.mx\/?p=103791"},"modified":"2026-04-23T06:50:08","modified_gmt":"2026-04-23T12:50:08","slug":"nuevo-leon-esta-listo-para-el-mundial-con-nuevo-cuartel-de-fuerza-civil-samuel-garcia","status":"publish","type":"post","link":"https:\/\/elinformante.mx\/?p=103791","title":{"rendered":"Nuevo Le\u00f3n est\u00e1 listo para el Mundial con nuevo cuartel de Fuerza Civil: Samuel Garc\u00eda"},"content":{"rendered":"\n<figure class=\"wp-block-pullquote\"><blockquote><p>Se tendr\u00e1n reuniones de seguridad relacionadas con la FIFA en este nuevo edificio.<\/p><\/blockquote><\/figure>\n\n\n\n<p class=\"has-drop-cap\">Para asegurar la mejor coordinaci\u00f3n operativa durante el Mundial 2026, el gobernador de Nuevo Le\u00f3n, Samuel Alejandro Garc\u00eda Sep\u00falveda, present\u00f3 la primera etapa de pisos disponibles del nuevo cuartel de Fuerza Civil para el monitoreo del calendario del evento internacional.<br><\/p>\n\n\n\n<p>Acompa\u00f1ado de la titular de AMAR a Nuevo Le\u00f3n, Mariana Rodr\u00edguez Cant\u00fa; del Secretario General de Gobierno, Miguel Flores; y del Titular de la nueva Fuerza Civil, Gerardo Escamilla, el Mandatario estatal subray\u00f3 que, para el total control y protecci\u00f3n de la poblaci\u00f3n, las reuniones relacionadas con FIFA se realizar\u00e1n en el nuevo edificio.<br><\/p>\n\n\n\n<p>Agreg\u00f3 que con la instalaci\u00f3n del C5 en el nuevo edificio, se podr\u00e1n concentrar c\u00e1maras, inteligencia, y estrategias relacionadas con la seguridad del Mundial en un solo centro.<br><\/p>\n\n\n\n<p>Durante la presentaci\u00f3n, las autoridades estatales recorrieron los pisos concluidos para el monitoreo FIFA 2026, como el nivel 02, donde se ubicar\u00e1 la Oficial\u00eda de Partes y Centro Integral de Atenci\u00f3n a la Mujer, el nivel 5 del \u00e1rea de Comunicaci\u00f3n y Prensa, adem\u00e1s del nivel 10 en el que estar\u00e1 el C5.<br><\/p>\n\n\n\n<p>Asimismo, se desplazaron por el nivel 18 correspondiente a la Oficina del Secretario de Seguridad y, por \u00faltimo, las autoridades se trasladaron al nivel 6 en el que se encuentra la Sala Polivalente, donde se llev\u00f3 a cabo la Mesa de Seguridad, finalizando as\u00ed el evento.<br><\/p>\n\n\n\n<p>El Nuevo Cuartel General de la Nueva Fuerza Civil es un proyecto de dos infraestructuras principales, dise\u00f1adas para optimizar la capacidad operativa y administrativa de la instituci\u00f3n.<\/p>\n","protected":false},"excerpt":{"rendered":"<p>Se tendr\u00e1n reuniones de seguridad relacionadas con la FIFA en este nuevo edificio. Para asegurar la mejor coordinaci\u00f3n operativa durante el Mundial 2026, el gobernador de Nuevo Le\u00f3n, Samuel Alejandro Garc\u00eda Sep\u00falveda, present\u00f3 la primera etapa de pisos disponibles del nuevo cuartel de Fuerza Civil para el monitoreo del calendario del evento internacional. Acompa\u00f1ado de [&hellip;]<\/p>\n","protected":false},"author":1,"featured_media":103794,"comment_status":"closed","ping_status":"closed","sticky":false,"template":"","format":"standard","meta":{"footnotes":""},"categories":[34],"tags":[],"class_list":["post-103791","post","type-post","status-publish","format-standard","has-post-thumbnail","hentry","category-nacional"],"_links":{"self":[{"href":"https:\/\/elinformante.mx\/index.php?rest_route=\/wp\/v2\/posts\/103791","targetHints":{"allow":["GET"]}}],"collection":[{"href":"https:\/\/elinformante.mx\/index.php?rest_route=\/wp\/v2\/posts"}],"about":[{"href":"https:\/\/elinformante.mx\/index.php?rest_route=\/wp\/v2\/types\/post"}],"author":[{"embeddable":true,"href":"https:\/\/elinformante.mx\/index.php?rest_route=\/wp\/v2\/users\/1"}],"replies":[{"embeddable":true,"href":"https:\/\/elinformante.mx\/index.php?rest_route=%2Fwp%2Fv2%2Fcomments&post=103791"}],"version-history":[{"count":0,"href":"https:\/\/elinformante.mx\/index.php?rest_route=\/wp\/v2\/posts\/103791\/revisions"}],"wp:featuredmedia":[{"embeddable":true,"href":"https:\/\/elinformante.mx\/index.php?rest_route=\/wp\/v2\/media\/103794"}],"wp:attachment":[{"href":"https:\/\/elinformante.mx\/index.php?rest_route=%2Fwp%2Fv2%2Fmedia&parent=103791"}],"wp:term":[{"taxonomy":"category","embeddable":true,"href":"https:\/\/elinformante.mx\/index.php?rest_route=%2Fwp%2Fv2%2Fcategories&post=103791"},{"taxonomy":"post_tag","embeddable":true,"href":"https:\/\/elinformante.mx\/index.php?rest_route=%2Fwp%2Fv2%2Ftags&post=103791"}],"curies":[{"name":"wp","href":"https:\/\/api.w.org\/{rel}","templated":true}]}}