{"id":103809,"date":"2026-04-23T13:00:33","date_gmt":"2026-04-23T19:00:33","guid":{"rendered":"https:\/\/elinformante.mx\/?p=103809"},"modified":"2026-04-23T13:00:38","modified_gmt":"2026-04-23T19:00:38","slug":"exigen-justicia-revelan-detalles-del-caso-de-carolina-flores","status":"publish","type":"post","link":"https:\/\/elinformante.mx\/?p=103809","title":{"rendered":"Exigen justicia: Revelan detalles del caso de Carolina Flores"},"content":{"rendered":"\n<p>El feminicidio de Carolina Flores ha generado indignaci\u00f3n nacional tras la difusi\u00f3n de nuevos detalles sobre el ataque ocurrido el pasado 15 de abril en un departamento de Polanco. Las autoridades investigan el caso bajo el protocolo de feminicidio.<\/p>\n\n\n\n<p>De acuerdo con reportes, la principal se\u00f1alada es Erika Herrera, suegra de la v\u00edctima, quien habr\u00eda disparado en m\u00faltiples ocasiones contra la joven dentro del inmueble. La informaci\u00f3n fue difundida inicialmente por el periodista Carlos Jim\u00e9nez, conocido como \u201cC4\u201d.<\/p>\n\n\n\n<figure class=\"wp-block-video aligncenter\"><video height=\"1080\" style=\"aspect-ratio: 1920 \/ 1080;\" width=\"1920\" controls src=\"https:\/\/elinformante.mx\/wp-content\/uploads\/2026\/04\/EIM-horizontal-2.mp4\"><\/video><figcaption class=\"wp-element-caption\"><sup>VIDEO: @c4jimenez<\/sup><\/figcaption><\/figure>\n\n\n\n<p>Seg\u00fan las investigaciones, tras el ataque la presunta agresora abandon\u00f3 el lugar, mientras que el caso fue denunciado posteriormente ante la Fiscal\u00eda General de Justicia de la Ciudad de M\u00e9xico, que contin\u00faa con las diligencias correspondientes para esclarecer los hechos y dar con la responsable.<\/p>\n\n\n\n<p>Familiares de la v\u00edctima han se\u00f1alado que exist\u00edan antecedentes de conflictos entre Carolina y su suegra, los cuales se habr\u00edan intensificado en los \u00faltimos meses, aunque no se consideraban de gravedad suficiente para anticipar un desenlace de esta magnitud.<\/p>\n\n\n\n<p>La madre de la v\u00edctima ha exigido justicia y cuestion\u00f3 la respuesta de quienes estuvieron cerca tras el crimen, mientras el caso contin\u00faa bajo investigaci\u00f3n, generando debate p\u00fablico sobre la violencia de g\u00e9nero y la urgencia de fortalecer las acciones para su prevenci\u00f3n.<\/p>\n","protected":false},"excerpt":{"rendered":"<p>El feminicidio de Carolina Flores ha generado indignaci\u00f3n nacional tras la difusi\u00f3n de nuevos detalles sobre el ataque ocurrido el pasado 15 de abril en un departamento de Polanco. Las autoridades investigan el caso bajo el protocolo de feminicidio. De acuerdo con reportes, la principal se\u00f1alada es Erika Herrera, suegra de la v\u00edctima, quien habr\u00eda [&hellip;]<\/p>\n","protected":false},"author":2,"featured_media":103810,"comment_status":"closed","ping_status":"closed","sticky":false,"template":"","format":"standard","meta":{"footnotes":""},"categories":[34],"tags":[1038,1040,346,1032,1036,657,310,1033],"class_list":["post-103809","post","type-post","status-publish","format-standard","has-post-thumbnail","hentry","category-nacional","tag-carolina-flores","tag-caso-viral","tag-cdmx","tag-investigacion","tag-justicia","tag-mexico","tag-polanco","tag-seguridad"],"_links":{"self":[{"href":"https:\/\/elinformante.mx\/index.php?rest_route=\/wp\/v2\/posts\/103809","targetHints":{"allow":["GET"]}}],"collection":[{"href":"https:\/\/elinformante.mx\/index.php?rest_route=\/wp\/v2\/posts"}],"about":[{"href":"https:\/\/elinformante.mx\/index.php?rest_route=\/wp\/v2\/types\/post"}],"author":[{"embeddable":true,"href":"https:\/\/elinformante.mx\/index.php?rest_route=\/wp\/v2\/users\/2"}],"replies":[{"embeddable":true,"href":"https:\/\/elinformante.mx\/index.php?rest_route=%2Fwp%2Fv2%2Fcomments&post=103809"}],"version-history":[{"count":0,"href":"https:\/\/elinformante.mx\/index.php?rest_route=\/wp\/v2\/posts\/103809\/revisions"}],"wp:featuredmedia":[{"embeddable":true,"href":"https:\/\/elinformante.mx\/index.php?rest_route=\/wp\/v2\/media\/103810"}],"wp:attachment":[{"href":"https:\/\/elinformante.mx\/index.php?rest_route=%2Fwp%2Fv2%2Fmedia&parent=103809"}],"wp:term":[{"taxonomy":"category","embeddable":true,"href":"https:\/\/elinformante.mx\/index.php?rest_route=%2Fwp%2Fv2%2Fcategories&post=103809"},{"taxonomy":"post_tag","embeddable":true,"href":"https:\/\/elinformante.mx\/index.php?rest_route=%2Fwp%2Fv2%2Ftags&post=103809"}],"curies":[{"name":"wp","href":"https:\/\/api.w.org\/{rel}","templated":true}]}}