{"id":103832,"date":"2026-04-24T05:11:58","date_gmt":"2026-04-24T11:11:58","guid":{"rendered":"https:\/\/elinformante.mx\/?p=103832"},"modified":"2026-04-24T05:12:01","modified_gmt":"2026-04-24T11:12:01","slug":"sufre-torero-roca-rey-dramatica-cornada-en-sevilla","status":"publish","type":"post","link":"https:\/\/elinformante.mx\/?p=103832","title":{"rendered":"Sufre torero Roca Rey dram\u00e1tica cornada en Sevilla"},"content":{"rendered":"\n<figure class=\"wp-block-pullquote\"><blockquote><p>-El torero intent\u00f3 ultimar al animal, cuando fue zarandeado varios segundos, provoc\u00e1ndole una herida profunda en el muslo.<\/p><\/blockquote><\/figure>\n\n\n\n<p class=\"has-drop-cap\">El diestro peruano Andr\u00e9s Roca Rey sufri\u00f3 una cornada en la cara interna del muslo derecho al entrar a matar al quinto toro de la corrida que se celebra este mi\u00e9rcoles en la plaza de la Maestranza de Sevilla, decimotercer festejo de la Feria de Abril.<br><\/p>\n\n\n\n<p>El toro, de la ganader\u00eda de Toros de Cort\u00e9s, se le arranc\u00f3 por sorpresa a Roca, al que hiri\u00f3 de forma certera mientras enterraba la espada atacando muy en corto, momento en el que fue prendido y zarandeado durante unos interminables segundos hasta dejarle tendido en la arena.<br><\/p>\n\n\n\n<p>Hasta all\u00ed llegaron las cuadrillas para trasladarle a toda prisa a la enfermer\u00eda, donde est\u00e1 siendo operado.<br><\/p>\n\n\n\n<p>Jos\u00e9 Mar\u00eda Manzanares, como director de lidia, acab\u00f3 de dar muerte al astado, del que al torero de Lima se le han concedido las dos orejas, que han paseado los integrantes de su cuadrilla.<br><\/p>\n\n\n\n<p>Antes, en el segundo de la tarde, Roca Rey fue silenciado, al igual que Manzanares al t\u00e9rmino de sus dos faenas y el joven Javier Zulueta tras la lidia del tercero.<br><\/p>\n\n\n\n<p>Los toros del festejo pertenecen a los hierros de Victoriano del R\u00edo y Toros de Cort\u00e9s, y la plaza vuelve a registrar un lleno de no hay billetes.<br><\/p>\n\n\n\n<p>La cogida a Roca Rey se produce tres d\u00edas despu\u00e9s de la sufrida tambi\u00e9n por Morante de la Puebla en este mismo ruedo. El sevillano se encuentra ingresado en la capital hispalense despu\u00e9s de sufrir una cornada muy grave en la zona del recto.<br><\/p>\n\n\n\n<p>El mi\u00e9rcoles el banderillero Fernando Pereira sufri\u00f3 un puyazo en el gl\u00fateo luego de entrar al ruedo por el tercer astado e intentar sacarlo del caballo, tambi\u00e9n en la Real Maestranza de Sevilla.<\/p>\n","protected":false},"excerpt":{"rendered":"<p>-El torero intent\u00f3 ultimar al animal, cuando fue zarandeado varios segundos, provoc\u00e1ndole una herida profunda en el muslo. El diestro peruano Andr\u00e9s Roca Rey sufri\u00f3 una cornada en la cara interna del muslo derecho al entrar a matar al quinto toro de la corrida que se celebra este mi\u00e9rcoles en la plaza de la Maestranza [&hellip;]<\/p>\n","protected":false},"author":1,"featured_media":103835,"comment_status":"closed","ping_status":"closed","sticky":false,"template":"","format":"standard","meta":{"footnotes":""},"categories":[38],"tags":[],"class_list":["post-103832","post","type-post","status-publish","format-standard","has-post-thumbnail","hentry","category-deportes"],"_links":{"self":[{"href":"https:\/\/elinformante.mx\/index.php?rest_route=\/wp\/v2\/posts\/103832","targetHints":{"allow":["GET"]}}],"collection":[{"href":"https:\/\/elinformante.mx\/index.php?rest_route=\/wp\/v2\/posts"}],"about":[{"href":"https:\/\/elinformante.mx\/index.php?rest_route=\/wp\/v2\/types\/post"}],"author":[{"embeddable":true,"href":"https:\/\/elinformante.mx\/index.php?rest_route=\/wp\/v2\/users\/1"}],"replies":[{"embeddable":true,"href":"https:\/\/elinformante.mx\/index.php?rest_route=%2Fwp%2Fv2%2Fcomments&post=103832"}],"version-history":[{"count":0,"href":"https:\/\/elinformante.mx\/index.php?rest_route=\/wp\/v2\/posts\/103832\/revisions"}],"wp:featuredmedia":[{"embeddable":true,"href":"https:\/\/elinformante.mx\/index.php?rest_route=\/wp\/v2\/media\/103835"}],"wp:attachment":[{"href":"https:\/\/elinformante.mx\/index.php?rest_route=%2Fwp%2Fv2%2Fmedia&parent=103832"}],"wp:term":[{"taxonomy":"category","embeddable":true,"href":"https:\/\/elinformante.mx\/index.php?rest_route=%2Fwp%2Fv2%2Fcategories&post=103832"},{"taxonomy":"post_tag","embeddable":true,"href":"https:\/\/elinformante.mx\/index.php?rest_route=%2Fwp%2Fv2%2Ftags&post=103832"}],"curies":[{"name":"wp","href":"https:\/\/api.w.org\/{rel}","templated":true}]}}