{"id":103836,"date":"2026-04-24T05:14:27","date_gmt":"2026-04-24T11:14:27","guid":{"rendered":"https:\/\/elinformante.mx\/?p=103836"},"modified":"2026-04-24T05:14:30","modified_gmt":"2026-04-24T11:14:30","slug":"autoridades-de-edomex-llevaran-a-cabo-en-escuelas-el-operativo-mochila","status":"publish","type":"post","link":"https:\/\/elinformante.mx\/?p=103836","title":{"rendered":"Autoridades de Edom\u00e9x llevar\u00e1n a cabo en escuelas el Operativo Mochila"},"content":{"rendered":"\n<figure class=\"wp-block-pullquote\"><blockquote><p>-Estas acciones buscan detectar objetos peligrosos, prevenir situaciones de violencia y fomentar un ambiente de convivencia.<\/p><\/blockquote><\/figure>\n\n\n\n<p class=\"has-drop-cap\">Ante el incremento de la preocupaci\u00f3n por la seguridad en entornos escolares, autoridades del Estado de M\u00e9xico reforzaron el operativo \u201cMochila Segura\u201d en distintos planteles, como parte de una estrategia preventiva para evitar incidentes que pongan en riesgo a estudiantes y personal educativo.<br><\/p>\n\n\n\n<p>El despliegue contempla revisiones peri\u00f3dicas en las mochilas, as\u00ed como la participaci\u00f3n activa de padres de familia, docentes y directivos a trav\u00e9s de los llamados Comit\u00e9s de Mochila de Paz.<\/p>\n\n\n\n<p>Estas acciones buscan detectar objetos peligrosos, prevenir situaciones de violencia y fomentar un ambiente de convivencia, en medio de un contexto nacional donde las alertas en escuelas han generado inquietud entre la poblaci\u00f3n.<\/p>\n","protected":false},"excerpt":{"rendered":"<p>-Estas acciones buscan detectar objetos peligrosos, prevenir situaciones de violencia y fomentar un ambiente de convivencia. Ante el incremento de la preocupaci\u00f3n por la seguridad en entornos escolares, autoridades del Estado de M\u00e9xico reforzaron el operativo \u201cMochila Segura\u201d en distintos planteles, como parte de una estrategia preventiva para evitar incidentes que pongan en riesgo a [&hellip;]<\/p>\n","protected":false},"author":1,"featured_media":103839,"comment_status":"closed","ping_status":"closed","sticky":false,"template":"","format":"standard","meta":{"footnotes":""},"categories":[36,37],"tags":[],"class_list":["post-103836","post","type-post","status-publish","format-standard","has-post-thumbnail","hentry","category-edomex","category-justicia"],"_links":{"self":[{"href":"https:\/\/elinformante.mx\/index.php?rest_route=\/wp\/v2\/posts\/103836","targetHints":{"allow":["GET"]}}],"collection":[{"href":"https:\/\/elinformante.mx\/index.php?rest_route=\/wp\/v2\/posts"}],"about":[{"href":"https:\/\/elinformante.mx\/index.php?rest_route=\/wp\/v2\/types\/post"}],"author":[{"embeddable":true,"href":"https:\/\/elinformante.mx\/index.php?rest_route=\/wp\/v2\/users\/1"}],"replies":[{"embeddable":true,"href":"https:\/\/elinformante.mx\/index.php?rest_route=%2Fwp%2Fv2%2Fcomments&post=103836"}],"version-history":[{"count":0,"href":"https:\/\/elinformante.mx\/index.php?rest_route=\/wp\/v2\/posts\/103836\/revisions"}],"wp:featuredmedia":[{"embeddable":true,"href":"https:\/\/elinformante.mx\/index.php?rest_route=\/wp\/v2\/media\/103839"}],"wp:attachment":[{"href":"https:\/\/elinformante.mx\/index.php?rest_route=%2Fwp%2Fv2%2Fmedia&parent=103836"}],"wp:term":[{"taxonomy":"category","embeddable":true,"href":"https:\/\/elinformante.mx\/index.php?rest_route=%2Fwp%2Fv2%2Fcategories&post=103836"},{"taxonomy":"post_tag","embeddable":true,"href":"https:\/\/elinformante.mx\/index.php?rest_route=%2Fwp%2Fv2%2Ftags&post=103836"}],"curies":[{"name":"wp","href":"https:\/\/api.w.org\/{rel}","templated":true}]}}