{"id":103845,"date":"2026-04-24T05:21:55","date_gmt":"2026-04-24T11:21:55","guid":{"rendered":"https:\/\/elinformante.mx\/?p=103845"},"modified":"2026-04-24T05:21:58","modified_gmt":"2026-04-24T11:21:58","slug":"inauguran-unidad-de-atencion-integral-de-salud-en-lerma","status":"publish","type":"post","link":"https:\/\/elinformante.mx\/?p=103845","title":{"rendered":"Inauguran Unidad de Atenci\u00f3n Integral de Salud en Lerma"},"content":{"rendered":"\n<figure class=\"wp-block-pullquote\"><blockquote><p>-La unidad brindar\u00e1 servicio de lunes a viernes, en un horario de 09:00 a 16:00 horas, beneficiando a familias de la regi\u00f3n y contribuyendo a mejorar su econom\u00eda.<\/p><\/blockquote><\/figure>\n\n\n\n<p class=\"has-drop-cap\">El presidente municipal Miguel \u00c1ngel Ram\u00edrez Ponce inaugur\u00f3 la Unidad de Atenci\u00f3n Integral de Salud en la comunidad de Atarasquillo, con el objetivo de acercar servicios m\u00e9dicos y apoyo integral a la poblaci\u00f3n.<br><\/p>\n\n\n\n<p>El nuevo espacio ofrecer\u00e1 atenci\u00f3n en medicina general, psicolog\u00eda, nutrici\u00f3n, fisioterapia, acupuntura y asesor\u00eda jur\u00eddica, adem\u00e1s de contar con farmacia a bajo costo y jornadas de esterilizaci\u00f3n programadas.<br><\/p>\n\n\n\n<p>La unidad brindar\u00e1 servicio de lunes a viernes, en un horario de 09:00 a 16:00 horas, beneficiando a familias de la regi\u00f3n y contribuyendo a mejorar su econom\u00eda.<br><\/p>\n\n\n\n<p>Autoridades destacaron que este proyecto representa un paso importante para fortalecer el acceso a servicios de salud dignos y de calidad, consolidando una pol\u00edtica p\u00fablica enfocada en el bienestar integral de la ciudadan\u00eda.<\/p>\n","protected":false},"excerpt":{"rendered":"<p>-La unidad brindar\u00e1 servicio de lunes a viernes, en un horario de 09:00 a 16:00 horas, beneficiando a familias de la regi\u00f3n y contribuyendo a mejorar su econom\u00eda. El presidente municipal Miguel \u00c1ngel Ram\u00edrez Ponce inaugur\u00f3 la Unidad de Atenci\u00f3n Integral de Salud en la comunidad de Atarasquillo, con el objetivo de acercar servicios m\u00e9dicos [&hellip;]<\/p>\n","protected":false},"author":1,"featured_media":103848,"comment_status":"closed","ping_status":"closed","sticky":false,"template":"","format":"standard","meta":{"footnotes":""},"categories":[36],"tags":[],"class_list":["post-103845","post","type-post","status-publish","format-standard","has-post-thumbnail","hentry","category-edomex"],"_links":{"self":[{"href":"https:\/\/elinformante.mx\/index.php?rest_route=\/wp\/v2\/posts\/103845","targetHints":{"allow":["GET"]}}],"collection":[{"href":"https:\/\/elinformante.mx\/index.php?rest_route=\/wp\/v2\/posts"}],"about":[{"href":"https:\/\/elinformante.mx\/index.php?rest_route=\/wp\/v2\/types\/post"}],"author":[{"embeddable":true,"href":"https:\/\/elinformante.mx\/index.php?rest_route=\/wp\/v2\/users\/1"}],"replies":[{"embeddable":true,"href":"https:\/\/elinformante.mx\/index.php?rest_route=%2Fwp%2Fv2%2Fcomments&post=103845"}],"version-history":[{"count":0,"href":"https:\/\/elinformante.mx\/index.php?rest_route=\/wp\/v2\/posts\/103845\/revisions"}],"wp:featuredmedia":[{"embeddable":true,"href":"https:\/\/elinformante.mx\/index.php?rest_route=\/wp\/v2\/media\/103848"}],"wp:attachment":[{"href":"https:\/\/elinformante.mx\/index.php?rest_route=%2Fwp%2Fv2%2Fmedia&parent=103845"}],"wp:term":[{"taxonomy":"category","embeddable":true,"href":"https:\/\/elinformante.mx\/index.php?rest_route=%2Fwp%2Fv2%2Fcategories&post=103845"},{"taxonomy":"post_tag","embeddable":true,"href":"https:\/\/elinformante.mx\/index.php?rest_route=%2Fwp%2Fv2%2Ftags&post=103845"}],"curies":[{"name":"wp","href":"https:\/\/api.w.org\/{rel}","templated":true}]}}