{"id":103847,"date":"2026-04-24T05:24:00","date_gmt":"2026-04-24T11:24:00","guid":{"rendered":"https:\/\/elinformante.mx\/?p=103847"},"modified":"2026-04-24T05:24:04","modified_gmt":"2026-04-24T11:24:04","slug":"manuel-vilchis-acerca-los-servicios-de-salud-a-comunidades-de-zinacantepec","status":"publish","type":"post","link":"https:\/\/elinformante.mx\/?p=103847","title":{"rendered":"Manuel Vilchis acerca los servicios de salud a comunidades de Zinacantepec"},"content":{"rendered":"\n<figure class=\"wp-block-pullquote\"><blockquote><p>-Estas acciones fortalecen la prevenci\u00f3n y el bienestar social, priorizando la atenci\u00f3n directa a quienes m\u00e1s lo necesitan.<\/p><\/blockquote><\/figure>\n\n\n\n<p class=\"has-drop-cap\">El Gobierno municipal de Zinacantepec, encabezado por el presidente Manuel Vilchis Viveros, llev\u00f3 a cabo una jornada integral de salud en San Crist\u00f3bal Tecolit, en coordinaci\u00f3n con el DIF municipal y el DIF Estado de M\u00e9xico.<br><\/p>\n\n\n\n<p>Durante la jornada, las familias accedieron a servicios gratuitos como consultas m\u00e9dicas y odontol\u00f3gicas, detecci\u00f3n de enfermedades, orientaci\u00f3n nutricional, vacunaci\u00f3n, entrega de lentes y atenci\u00f3n veterinaria.<br><\/p>\n\n\n\n<p>La presidenta honoraria del DIF municipal, Jessica R\u00edos Lara, destac\u00f3 que esta fue la jornada n\u00famero 11 del a\u00f1o, reafirmando el compromiso de acercar servicios de calidad a las comunidades.<br><\/p>\n\n\n\n<p>Autoridades municipales se\u00f1alaron que estas acciones fortalecen la prevenci\u00f3n y el bienestar social, priorizando la atenci\u00f3n directa a quienes m\u00e1s lo necesitan.<\/p>\n","protected":false},"excerpt":{"rendered":"<p>-Estas acciones fortalecen la prevenci\u00f3n y el bienestar social, priorizando la atenci\u00f3n directa a quienes m\u00e1s lo necesitan. El Gobierno municipal de Zinacantepec, encabezado por el presidente Manuel Vilchis Viveros, llev\u00f3 a cabo una jornada integral de salud en San Crist\u00f3bal Tecolit, en coordinaci\u00f3n con el DIF municipal y el DIF Estado de M\u00e9xico. Durante [&hellip;]<\/p>\n","protected":false},"author":1,"featured_media":103850,"comment_status":"closed","ping_status":"closed","sticky":false,"template":"","format":"standard","meta":{"footnotes":""},"categories":[30,36],"tags":[],"class_list":["post-103847","post","type-post","status-publish","format-standard","has-post-thumbnail","hentry","category-destacado","category-edomex"],"_links":{"self":[{"href":"https:\/\/elinformante.mx\/index.php?rest_route=\/wp\/v2\/posts\/103847","targetHints":{"allow":["GET"]}}],"collection":[{"href":"https:\/\/elinformante.mx\/index.php?rest_route=\/wp\/v2\/posts"}],"about":[{"href":"https:\/\/elinformante.mx\/index.php?rest_route=\/wp\/v2\/types\/post"}],"author":[{"embeddable":true,"href":"https:\/\/elinformante.mx\/index.php?rest_route=\/wp\/v2\/users\/1"}],"replies":[{"embeddable":true,"href":"https:\/\/elinformante.mx\/index.php?rest_route=%2Fwp%2Fv2%2Fcomments&post=103847"}],"version-history":[{"count":0,"href":"https:\/\/elinformante.mx\/index.php?rest_route=\/wp\/v2\/posts\/103847\/revisions"}],"wp:featuredmedia":[{"embeddable":true,"href":"https:\/\/elinformante.mx\/index.php?rest_route=\/wp\/v2\/media\/103850"}],"wp:attachment":[{"href":"https:\/\/elinformante.mx\/index.php?rest_route=%2Fwp%2Fv2%2Fmedia&parent=103847"}],"wp:term":[{"taxonomy":"category","embeddable":true,"href":"https:\/\/elinformante.mx\/index.php?rest_route=%2Fwp%2Fv2%2Fcategories&post=103847"},{"taxonomy":"post_tag","embeddable":true,"href":"https:\/\/elinformante.mx\/index.php?rest_route=%2Fwp%2Fv2%2Ftags&post=103847"}],"curies":[{"name":"wp","href":"https:\/\/api.w.org\/{rel}","templated":true}]}}