{"id":103851,"date":"2026-04-24T05:29:20","date_gmt":"2026-04-24T11:29:20","guid":{"rendered":"https:\/\/elinformante.mx\/?p=103851"},"modified":"2026-04-24T05:29:24","modified_gmt":"2026-04-24T11:29:24","slug":"metepec-cumple-inauguran-uris-en-san-lucas-tunco","status":"publish","type":"post","link":"https:\/\/elinformante.mx\/?p=103851","title":{"rendered":"Metepec cumple: inauguran URIS en San Lucas Tunco"},"content":{"rendered":"\n<figure class=\"wp-block-pullquote\"><blockquote><p>-La participaci\u00f3n en este tipo de foros posiciona a Metepec como un referente en la implementaci\u00f3n de buenas pr\u00e1cticas de gobierno, orientadas al desarrollo y bienestar de la ciudadan\u00eda.<\/p><\/blockquote><\/figure>\n\n\n\n<p class=\"has-drop-cap\">Bajo el compromiso de fortalecer el acceso a la salud, el presidente municipal Fernando Flores Fern\u00e1ndez encabez\u00f3 la inauguraci\u00f3n de la Unidad de Rehabilitaci\u00f3n e Integraci\u00f3n Social (URIS) en San Lucas Tunco, un espacio destinado a brindar atenci\u00f3n especializada a la poblaci\u00f3n.<br><\/p>\n\n\n\n<p>Acompa\u00f1ado por la presidenta honoraria del DIF municipal, Ira\u00ed Albarr\u00e1n, el edil destac\u00f3 que esta acci\u00f3n responde a la palabra empe\u00f1ada de su administraci\u00f3n: acercar servicios dignos a quienes m\u00e1s lo necesitan.<br><\/p>\n\n\n\n<p>La nueva unidad ofrecer\u00e1 atenci\u00f3n de lunes a viernes, en un horario de 8:00 a 16:00 horas, con servicios en medicina f\u00edsica y rehabilitaci\u00f3n, consultas psicol\u00f3gicas y orientaci\u00f3n nutricional, beneficiando a habitantes de la comunidad y zonas aleda\u00f1as.<br><\/p>\n\n\n\n<p>El inmueble fue acondicionado por el Ayuntamiento y el DIF Metepec, mientras que parte del equipamiento m\u00e9dico fue donado por la Iglesia de Jesucristo de los \u00daltimos D\u00edas.<br><\/p>\n\n\n\n<p>Con esta apertura, Metepec fortalece su sistema de salud municipal, sum\u00e1ndose a programas como M\u00e9dico en Tu Casa, los Centros de Atenci\u00f3n Inmediata (CAI) y la URIS de San Jer\u00f3nimo Chicahualco, consolidando una estrategia enfocada en la prevenci\u00f3n, el bienestar y la inclusi\u00f3n social.<br><\/p>\n\n\n\n<p>Por medio de sus redes sociales, Fernando Flores Fern\u00e1ndez inform\u00f3 que particip\u00f3 en el Primer Encuentro de Alcaldes \u201cMayors of the Americas Summit\u201d, organizado por el Adams Smith Center for Economic Freedom.<br><\/p>\n\n\n\n<p>Durante su intervenci\u00f3n, el edil agradeci\u00f3 la inclusi\u00f3n de Metepec como un municipio activo en el intercambio de experiencias gubernamentales, destacando la importancia de fortalecer las pol\u00edticas p\u00fablicas a trav\u00e9s de la cooperaci\u00f3n internacional.<br><\/p>\n\n\n\n<p>La participaci\u00f3n en este tipo de foros posiciona a Metepec como un referente en la implementaci\u00f3n de buenas pr\u00e1cticas de gobierno, orientadas al desarrollo y bienestar de la ciudadan\u00eda.<\/p>\n","protected":false},"excerpt":{"rendered":"<p>-La participaci\u00f3n en este tipo de foros posiciona a Metepec como un referente en la implementaci\u00f3n de buenas pr\u00e1cticas de gobierno, orientadas al desarrollo y bienestar de la ciudadan\u00eda. Bajo el compromiso de fortalecer el acceso a la salud, el presidente municipal Fernando Flores Fern\u00e1ndez encabez\u00f3 la inauguraci\u00f3n de la Unidad de Rehabilitaci\u00f3n e Integraci\u00f3n [&hellip;]<\/p>\n","protected":false},"author":1,"featured_media":103855,"comment_status":"closed","ping_status":"closed","sticky":false,"template":"","format":"standard","meta":{"footnotes":""},"categories":[30,36],"tags":[],"class_list":["post-103851","post","type-post","status-publish","format-standard","has-post-thumbnail","hentry","category-destacado","category-edomex"],"_links":{"self":[{"href":"https:\/\/elinformante.mx\/index.php?rest_route=\/wp\/v2\/posts\/103851","targetHints":{"allow":["GET"]}}],"collection":[{"href":"https:\/\/elinformante.mx\/index.php?rest_route=\/wp\/v2\/posts"}],"about":[{"href":"https:\/\/elinformante.mx\/index.php?rest_route=\/wp\/v2\/types\/post"}],"author":[{"embeddable":true,"href":"https:\/\/elinformante.mx\/index.php?rest_route=\/wp\/v2\/users\/1"}],"replies":[{"embeddable":true,"href":"https:\/\/elinformante.mx\/index.php?rest_route=%2Fwp%2Fv2%2Fcomments&post=103851"}],"version-history":[{"count":0,"href":"https:\/\/elinformante.mx\/index.php?rest_route=\/wp\/v2\/posts\/103851\/revisions"}],"wp:featuredmedia":[{"embeddable":true,"href":"https:\/\/elinformante.mx\/index.php?rest_route=\/wp\/v2\/media\/103855"}],"wp:attachment":[{"href":"https:\/\/elinformante.mx\/index.php?rest_route=%2Fwp%2Fv2%2Fmedia&parent=103851"}],"wp:term":[{"taxonomy":"category","embeddable":true,"href":"https:\/\/elinformante.mx\/index.php?rest_route=%2Fwp%2Fv2%2Fcategories&post=103851"},{"taxonomy":"post_tag","embeddable":true,"href":"https:\/\/elinformante.mx\/index.php?rest_route=%2Fwp%2Fv2%2Ftags&post=103851"}],"curies":[{"name":"wp","href":"https:\/\/api.w.org\/{rel}","templated":true}]}}