{"id":103866,"date":"2026-04-24T05:47:29","date_gmt":"2026-04-24T11:47:29","guid":{"rendered":"https:\/\/elinformante.mx\/?p=103866"},"modified":"2026-04-24T05:47:37","modified_gmt":"2026-04-24T11:47:37","slug":"rojo-de-la-vega-entrego-rehabilitacion-del-jardin-ignacio-chavez","status":"publish","type":"post","link":"https:\/\/elinformante.mx\/?p=103866","title":{"rendered":"Rojo de la Vega entreg\u00f3 rehabilitaci\u00f3n del jard\u00edn Ignacio Ch\u00e1vez"},"content":{"rendered":"\n<figure class=\"wp-block-pullquote\"><blockquote><p>-Se intervinieron juegos, canchas, luminarias y \u00e1reas comunes para recuperar este espacio p\u00fablico.<\/p><\/blockquote><\/figure>\n\n\n\n<p class=\"has-drop-cap\">La alcaldesa Alessandra Rojo de la Vega entreg\u00f3 la rehabilitaci\u00f3n del Jard\u00edn Dr. Ignacio Ch\u00e1vez, en la colonia Doctores, un espacio p\u00fablico que fue intervenido como parte del programa Renace Cuauht\u00e9moc para mejorar sus condiciones y devolverlo a las familias de la zona.<br><\/p>\n\n\n\n<p>Durante un recorrido realizado en el espacio, detall\u00f3 que se realizaron trabajos de rehabilitaci\u00f3n integral, que incluyeron la limpieza y aplicaci\u00f3n de pintura en juegos infantiles, ejercitadores y estructuras deportivas; la intervenci\u00f3n de canchas y porter\u00edas; la rehabilitaci\u00f3n de banquetas con relleno y tendido de concreto; as\u00ed como la mejora de luminarias existentes y la colocaci\u00f3n de cuatro nuevas unidades.<br><\/p>\n\n\n\n<p>Tambi\u00e9n se rehabilit\u00f3 la reja de la cancha de futbol, se aplic\u00f3 pintura en bancas y mobiliario urbano, y se instal\u00f3 piso amortiguante en el \u00e1rea de juegos infantiles para garantizar mayor seguridad a ni\u00f1as y ni\u00f1os.<br><\/p>\n\n\n\n<p>Las canchitas de f\u00fatbol, esa es nueva, no hab\u00eda. Los juegos infantiles ya son seguros para nuestras ni\u00f1as. A\u00f1os sin que intervinieran estos espacios, expres\u00f3.<br><\/p>\n\n\n\n<p>La intervenci\u00f3n forma parte de la estrategia de recuperaci\u00f3n de espacios p\u00fablicos que la alcald\u00eda lleva a cabo de manera permanente en las 33 colonias, con el objetivo de mejorar la seguridad, la convivencia y la calidad de vida de quienes habitan y transitan en la demarcaci\u00f3n.<\/p>\n","protected":false},"excerpt":{"rendered":"<p>-Se intervinieron juegos, canchas, luminarias y \u00e1reas comunes para recuperar este espacio p\u00fablico. La alcaldesa Alessandra Rojo de la Vega entreg\u00f3 la rehabilitaci\u00f3n del Jard\u00edn Dr. Ignacio Ch\u00e1vez, en la colonia Doctores, un espacio p\u00fablico que fue intervenido como parte del programa Renace Cuauht\u00e9moc para mejorar sus condiciones y devolverlo a las familias de la [&hellip;]<\/p>\n","protected":false},"author":1,"featured_media":103871,"comment_status":"closed","ping_status":"closed","sticky":false,"template":"","format":"standard","meta":{"footnotes":""},"categories":[35],"tags":[],"class_list":["post-103866","post","type-post","status-publish","format-standard","has-post-thumbnail","hentry","category-cdmx"],"_links":{"self":[{"href":"https:\/\/elinformante.mx\/index.php?rest_route=\/wp\/v2\/posts\/103866","targetHints":{"allow":["GET"]}}],"collection":[{"href":"https:\/\/elinformante.mx\/index.php?rest_route=\/wp\/v2\/posts"}],"about":[{"href":"https:\/\/elinformante.mx\/index.php?rest_route=\/wp\/v2\/types\/post"}],"author":[{"embeddable":true,"href":"https:\/\/elinformante.mx\/index.php?rest_route=\/wp\/v2\/users\/1"}],"replies":[{"embeddable":true,"href":"https:\/\/elinformante.mx\/index.php?rest_route=%2Fwp%2Fv2%2Fcomments&post=103866"}],"version-history":[{"count":0,"href":"https:\/\/elinformante.mx\/index.php?rest_route=\/wp\/v2\/posts\/103866\/revisions"}],"wp:featuredmedia":[{"embeddable":true,"href":"https:\/\/elinformante.mx\/index.php?rest_route=\/wp\/v2\/media\/103871"}],"wp:attachment":[{"href":"https:\/\/elinformante.mx\/index.php?rest_route=%2Fwp%2Fv2%2Fmedia&parent=103866"}],"wp:term":[{"taxonomy":"category","embeddable":true,"href":"https:\/\/elinformante.mx\/index.php?rest_route=%2Fwp%2Fv2%2Fcategories&post=103866"},{"taxonomy":"post_tag","embeddable":true,"href":"https:\/\/elinformante.mx\/index.php?rest_route=%2Fwp%2Fv2%2Ftags&post=103866"}],"curies":[{"name":"wp","href":"https:\/\/api.w.org\/{rel}","templated":true}]}}