{"id":103872,"date":"2026-04-24T05:51:21","date_gmt":"2026-04-24T11:51:21","guid":{"rendered":"https:\/\/elinformante.mx\/?p=103872"},"modified":"2026-04-24T05:51:24","modified_gmt":"2026-04-24T11:51:24","slug":"icat-cdmx-cumple-12-anos-con-cifra-record","status":"publish","type":"post","link":"https:\/\/elinformante.mx\/?p=103872","title":{"rendered":"ICAT CDMX cumple 12 a\u00f1os con cifra r\u00e9cord"},"content":{"rendered":"\n<figure class=\"wp-block-pullquote\"><blockquote><p>-Uno de los principales logros fue el incremento del 68% en el n\u00famero de personas capacitadas, al pasar de 28 mil 332 en 2024 a 47 mil 772 en 2025.<\/p><\/blockquote><\/figure>\n\n\n\n<p class=\"has-drop-cap\">En el marco del 12\u00b0 aniversario del Instituto de Capacitaci\u00f3n para el Trabajo de la Ciudad de M\u00e9xico (ICAT CDMX), su Directora General, Guadalupe Ramos Sotelo, present\u00f3 los resultados de su primer a\u00f1o de gesti\u00f3n, destacando avances significativos en cobertura, inclusi\u00f3n y fortalecimiento institucional.<br><\/p>\n\n\n\n<p>En un evento organizado en la Unidad de Capacitaci\u00f3n Gustavo A. Madero, la titular del Instituto subray\u00f3 que el ICAT CDMX se ha consolidado como un referente en capacitaci\u00f3n laboral y certificaci\u00f3n de competencias, con m\u00e1s de 90 cursos disponibles, 20 de ellos en l\u00ednea y gratuitos, y con validez oficial de la Secretar\u00eda de Educaci\u00f3n P\u00fablica (SEP).<br><\/p>\n\n\n\n<p>Uno de los principales logros fue el incremento del 68% en el n\u00famero de personas capacitadas, al pasar de 28 mil 332 en 2024 a 47 mil 772 en 2025, convirti\u00e9ndose en el \u00fanico ICAT del pa\u00eds con cobertura nacional mediante la modalidad en l\u00ednea. Asimismo, se realizaron 2 mil 784 procesos de evaluaci\u00f3n con fines de certificaci\u00f3n y 2 mil 683 personas obtuvieron su certificado de competencia laboral.<br><\/p>\n\n\n\n<p>Asimismo, en colaboraci\u00f3n con el Gobierno franc\u00e9s y la Uni\u00f3n Europea, a trav\u00e9s de la agencia Expertise France, se capacita y certifica a 200 mujeres en atenci\u00f3n, cuidado y desarrollo integral de ni\u00f1as y ni\u00f1os en estancias infantiles, contribuyendo as\u00ed al Sistema P\u00fablico de Cuidados que impulsa la Jefa de Gobierno de la Ciudad de M\u00e9xico, Clara Brugada Molina.<br><\/p>\n\n\n\n<p>En materia de inclusi\u00f3n, el ICAT Ciudad de M\u00e9xico, de la mano con su cabeza de sector, la Secretar\u00eda de Trabajo y Fomento al Empleo, capacit\u00f3 a 23 mil 741 personas pertenecientes a grupos de atenci\u00f3n prioritaria, incluyendo personas de la diversidad sexual, trabajadoras del hogar y personas privadas de la libertad, con el objetivo de que puedan construir un nuevo proyecto de vida mediante el acceso a un empleo digno.<br><\/p>\n\n\n\n<p>La Directora General afirm\u00f3 que \u201cla capacitaci\u00f3n es una herramienta fundamental para impulsar la autonom\u00eda econ\u00f3mica y construir una ciudad m\u00e1s justa e igualitaria\u201d, y reiter\u00f3 su compromiso de posicionar al ICAT Ciudad de M\u00e9xico como un referente nacional en formaci\u00f3n para el trabajo.<\/p>\n","protected":false},"excerpt":{"rendered":"<p>-Uno de los principales logros fue el incremento del 68% en el n\u00famero de personas capacitadas, al pasar de 28 mil 332 en 2024 a 47 mil 772 en 2025. En el marco del 12\u00b0 aniversario del Instituto de Capacitaci\u00f3n para el Trabajo de la Ciudad de M\u00e9xico (ICAT CDMX), su Directora General, Guadalupe Ramos [&hellip;]<\/p>\n","protected":false},"author":1,"featured_media":103875,"comment_status":"closed","ping_status":"closed","sticky":false,"template":"","format":"standard","meta":{"footnotes":""},"categories":[35],"tags":[],"class_list":["post-103872","post","type-post","status-publish","format-standard","has-post-thumbnail","hentry","category-cdmx"],"_links":{"self":[{"href":"https:\/\/elinformante.mx\/index.php?rest_route=\/wp\/v2\/posts\/103872","targetHints":{"allow":["GET"]}}],"collection":[{"href":"https:\/\/elinformante.mx\/index.php?rest_route=\/wp\/v2\/posts"}],"about":[{"href":"https:\/\/elinformante.mx\/index.php?rest_route=\/wp\/v2\/types\/post"}],"author":[{"embeddable":true,"href":"https:\/\/elinformante.mx\/index.php?rest_route=\/wp\/v2\/users\/1"}],"replies":[{"embeddable":true,"href":"https:\/\/elinformante.mx\/index.php?rest_route=%2Fwp%2Fv2%2Fcomments&post=103872"}],"version-history":[{"count":0,"href":"https:\/\/elinformante.mx\/index.php?rest_route=\/wp\/v2\/posts\/103872\/revisions"}],"wp:featuredmedia":[{"embeddable":true,"href":"https:\/\/elinformante.mx\/index.php?rest_route=\/wp\/v2\/media\/103875"}],"wp:attachment":[{"href":"https:\/\/elinformante.mx\/index.php?rest_route=%2Fwp%2Fv2%2Fmedia&parent=103872"}],"wp:term":[{"taxonomy":"category","embeddable":true,"href":"https:\/\/elinformante.mx\/index.php?rest_route=%2Fwp%2Fv2%2Fcategories&post=103872"},{"taxonomy":"post_tag","embeddable":true,"href":"https:\/\/elinformante.mx\/index.php?rest_route=%2Fwp%2Fv2%2Ftags&post=103872"}],"curies":[{"name":"wp","href":"https:\/\/api.w.org\/{rel}","templated":true}]}}