{"id":103874,"date":"2026-04-24T05:52:21","date_gmt":"2026-04-24T11:52:21","guid":{"rendered":"https:\/\/elinformante.mx\/?p=103874"},"modified":"2026-04-24T05:52:25","modified_gmt":"2026-04-24T11:52:25","slug":"clara-brugada-presenta-ruta-de-las-heroinas-indigenas-del-centrobus","status":"publish","type":"post","link":"https:\/\/elinformante.mx\/?p=103874","title":{"rendered":"Clara Brugada presenta &#8220;Ruta de las Hero\u00ednas Ind\u00edgenas&#8221; del Centrob\u00fas"},"content":{"rendered":"\n<figure class=\"wp-block-pullquote\"><blockquote><p>-La ruta contar\u00e1 con 12 unidades y busca reconocer la historia de mujeres ind\u00edgenas que lucharon, cuidaron y sostuvieron pueblos y comunidades enteras.<\/p><\/blockquote><\/figure>\n\n\n\n<p class=\"has-drop-cap\">La Jefa de Gobierno, Clara Brugada Molina, present\u00f3 la nueva ruta de transporte el\u00e9ctrico Centrob\u00fas Ruta de las Hero\u00ednas ind\u00edgenas, que recorrer\u00e1 el Centro Hist\u00f3rico de la Ciudad de M\u00e9xico a lo largo de 33 paradas, en dos rutas diferentes, con el objetivo de visibilizar la historia y lucha de las mujeres ind\u00edgenas, as\u00ed como fortalecer un modelo de movilidad sustentable, accesible e incluyente.<br><\/p>\n\n\n\n<p>La mandataria capitalina inform\u00f3 que se realiz\u00f3 una inversi\u00f3n de 111 millones de pesos y se adquirieron unidades 100% el\u00e9ctricas, accesibles y equipadas con tecnolog\u00eda de \u00faltima generaci\u00f3n, sistema que operar\u00e1 con una frecuencia de cinco minutos y contar\u00e1 con dos circuitos, uno interno y otro externo, con 33 paradas, y tendr\u00e1 una tarifa de cinco pesos.<br><\/p>\n\n\n\n<p>La Ruta de las Hero\u00ednas Ind\u00edgenas iniciar\u00e1 sus pruebas operativas este viernes 24 de abril, as\u00ed como el reconocimiento de la ruta por parte de las operadoras de las unidades; y el servicio entrar\u00e1 en funciones para las personas usuarias el pr\u00f3ximo 8 de mayo.<br><\/p>\n\n\n\n<p>acciones para su florecimiento, entre ellas, la iluminaci\u00f3n de 42 kil\u00f3metros de calles.<br><\/p>\n\n\n\n<p>El secretario de Movilidad, Ulises Garc\u00eda Nieto, se\u00f1al\u00f3 que el Centrob\u00fas contar\u00e1 con 33 paradas, y estim\u00f3 que en su primer d\u00eda de operaci\u00f3n beneficiar\u00e1 a 90 mil pasajeros. Adem\u00e1s, inform\u00f3 que se capacit\u00f3 a 300 conductoras para la operaci\u00f3n de los autobuses.<br><\/p>\n\n\n\n<p>El director general de la Red de Transporte de Pasajeros (RTP), Daniel Arcos Rodr\u00edguez, destac\u00f3 que esta iniciativa reconoce a 11 hero\u00ednas ind\u00edgenas de nuestra historia, que la poblaci\u00f3n podr\u00e1 conocer a trav\u00e9s de las semblanzas que se difundir\u00e1n en los t\u00f3tems ubicados en cada una de las 33 paradas que conforman el sistema.<br><\/p>\n\n\n\n<p>Los autobuses, de 9 metros de longitud, cuentan con c\u00e1maras de videovigilancia interiores y exteriores, dispositivos para personas con discapacidad, rampa y arrodillamiento, entre otras caracter\u00edsticas de alta tecnolog\u00eda<\/p>\n","protected":false},"excerpt":{"rendered":"<p>-La ruta contar\u00e1 con 12 unidades y busca reconocer la historia de mujeres ind\u00edgenas que lucharon, cuidaron y sostuvieron pueblos y comunidades enteras. La Jefa de Gobierno, Clara Brugada Molina, present\u00f3 la nueva ruta de transporte el\u00e9ctrico Centrob\u00fas Ruta de las Hero\u00ednas ind\u00edgenas, que recorrer\u00e1 el Centro Hist\u00f3rico de la Ciudad de M\u00e9xico a lo [&hellip;]<\/p>\n","protected":false},"author":1,"featured_media":103877,"comment_status":"closed","ping_status":"closed","sticky":false,"template":"","format":"standard","meta":{"footnotes":""},"categories":[35,30],"tags":[],"class_list":["post-103874","post","type-post","status-publish","format-standard","has-post-thumbnail","hentry","category-cdmx","category-destacado"],"_links":{"self":[{"href":"https:\/\/elinformante.mx\/index.php?rest_route=\/wp\/v2\/posts\/103874","targetHints":{"allow":["GET"]}}],"collection":[{"href":"https:\/\/elinformante.mx\/index.php?rest_route=\/wp\/v2\/posts"}],"about":[{"href":"https:\/\/elinformante.mx\/index.php?rest_route=\/wp\/v2\/types\/post"}],"author":[{"embeddable":true,"href":"https:\/\/elinformante.mx\/index.php?rest_route=\/wp\/v2\/users\/1"}],"replies":[{"embeddable":true,"href":"https:\/\/elinformante.mx\/index.php?rest_route=%2Fwp%2Fv2%2Fcomments&post=103874"}],"version-history":[{"count":0,"href":"https:\/\/elinformante.mx\/index.php?rest_route=\/wp\/v2\/posts\/103874\/revisions"}],"wp:featuredmedia":[{"embeddable":true,"href":"https:\/\/elinformante.mx\/index.php?rest_route=\/wp\/v2\/media\/103877"}],"wp:attachment":[{"href":"https:\/\/elinformante.mx\/index.php?rest_route=%2Fwp%2Fv2%2Fmedia&parent=103874"}],"wp:term":[{"taxonomy":"category","embeddable":true,"href":"https:\/\/elinformante.mx\/index.php?rest_route=%2Fwp%2Fv2%2Fcategories&post=103874"},{"taxonomy":"post_tag","embeddable":true,"href":"https:\/\/elinformante.mx\/index.php?rest_route=%2Fwp%2Fv2%2Ftags&post=103874"}],"curies":[{"name":"wp","href":"https:\/\/api.w.org\/{rel}","templated":true}]}}