{"id":103876,"date":"2026-04-24T05:53:51","date_gmt":"2026-04-24T11:53:51","guid":{"rendered":"https:\/\/elinformante.mx\/?p=103876"},"modified":"2026-04-24T05:53:55","modified_gmt":"2026-04-24T11:53:55","slug":"evelyn-salgado-refrenda-compromiso-con-los-derechos-dignidad-y-libertad-de-la-ninez-de-guerrero","status":"publish","type":"post","link":"https:\/\/elinformante.mx\/?p=103876","title":{"rendered":"Evelyn Salgado refrenda compromiso con los derechos, dignidad y libertad de la ni\u00f1ez de Guerrero"},"content":{"rendered":"\n<figure class=\"wp-block-pullquote\"><blockquote><p>-Guerrero se suma a la estrategia nacional \u201cNi\u00f1as y adolescentes libres y seguras\u201d con acciones integrales en territorio<\/p><\/blockquote><\/figure>\n\n\n\n<p class=\"has-drop-cap\">Para seguir protegiendo con mayor firmeza a la ni\u00f1ez y adolescencia en Guerrero, la gobernadora Evelyn Salgado Pineda puso en marcha la estrategia Ni\u00f1as y Adolescentes Libres y Seguras, una iniciativa de la presidenta Claudia Sheinbaum Pardo que busca garantizar el pleno ejercicio de los derechos de este sector mediante acciones directas en 11 municipios prioritarios.<br><\/p>\n\n\n\n<p>La mandataria estatal reafirm\u00f3 su compromiso con la vida, la dignidad y la libertad de las ni\u00f1as y adolescentes guerrerenses, destacando que esta iniciativa coloca en el centro de las pol\u00edticas p\u00fablicas su bienestar y desarrollo integral.<br><\/p>\n\n\n\n<p>La estrategia, impulsada por el Gobierno de M\u00e9xico a trav\u00e9s de la Secretar\u00eda de las Mujeres y el Fondo para el Bienestar y el Avance de las Mujeres (FOBAM), contempla una intervenci\u00f3n integral basada en nueve ejes de acci\u00f3n.<br><\/p>\n\n\n\n<p>Entre ellos destacan el trabajo comunitario, visitas casa por casa, actividades en escuelas, capacitaci\u00f3n a docentes y personal de salud, as\u00ed como la sensibilizaci\u00f3n de madres, padres, cuidadores y servidores p\u00fablicos.<br><\/p>\n\n\n\n<p>Tambi\u00e9n se promover\u00e1n actividades en espacios p\u00fablicos y en los Centros Libres para prevenir la violencia sexual, el embarazo infantil y adolescente, as\u00ed como las uniones tempranas.<br><\/p>\n\n\n\n<p>Evelyn Salgado subray\u00f3 que ninguna pr\u00e1ctica, costumbre o imposici\u00f3n puede estar por encima de los derechos de las ni\u00f1as y adolescentes, por lo que se enfrentar\u00e1n problem\u00e1ticas como la cohabitaci\u00f3n forzada y se fortalecer\u00e1n mecanismos como la b\u00fasqueda inmediata y reformas legales como la Ley Camila.<br><\/p>\n\n\n\n<p>Durante la presentaci\u00f3n de la estrategia en Casa Guerrero, la estudiante M\u00eda Isabela Francisco Caba\u00f1as destac\u00f3 que esta estrategia representa esperanza para ni\u00f1as y adolescentes, al reconocerlas como parte activa de la transformaci\u00f3n del estado y del pa\u00eds.<\/p>\n","protected":false},"excerpt":{"rendered":"<p>-Guerrero se suma a la estrategia nacional \u201cNi\u00f1as y adolescentes libres y seguras\u201d con acciones integrales en territorio Para seguir protegiendo con mayor firmeza a la ni\u00f1ez y adolescencia en Guerrero, la gobernadora Evelyn Salgado Pineda puso en marcha la estrategia Ni\u00f1as y Adolescentes Libres y Seguras, una iniciativa de la presidenta Claudia Sheinbaum Pardo [&hellip;]<\/p>\n","protected":false},"author":1,"featured_media":103879,"comment_status":"closed","ping_status":"closed","sticky":false,"template":"","format":"standard","meta":{"footnotes":""},"categories":[34],"tags":[],"class_list":["post-103876","post","type-post","status-publish","format-standard","has-post-thumbnail","hentry","category-nacional"],"_links":{"self":[{"href":"https:\/\/elinformante.mx\/index.php?rest_route=\/wp\/v2\/posts\/103876","targetHints":{"allow":["GET"]}}],"collection":[{"href":"https:\/\/elinformante.mx\/index.php?rest_route=\/wp\/v2\/posts"}],"about":[{"href":"https:\/\/elinformante.mx\/index.php?rest_route=\/wp\/v2\/types\/post"}],"author":[{"embeddable":true,"href":"https:\/\/elinformante.mx\/index.php?rest_route=\/wp\/v2\/users\/1"}],"replies":[{"embeddable":true,"href":"https:\/\/elinformante.mx\/index.php?rest_route=%2Fwp%2Fv2%2Fcomments&post=103876"}],"version-history":[{"count":0,"href":"https:\/\/elinformante.mx\/index.php?rest_route=\/wp\/v2\/posts\/103876\/revisions"}],"wp:featuredmedia":[{"embeddable":true,"href":"https:\/\/elinformante.mx\/index.php?rest_route=\/wp\/v2\/media\/103879"}],"wp:attachment":[{"href":"https:\/\/elinformante.mx\/index.php?rest_route=%2Fwp%2Fv2%2Fmedia&parent=103876"}],"wp:term":[{"taxonomy":"category","embeddable":true,"href":"https:\/\/elinformante.mx\/index.php?rest_route=%2Fwp%2Fv2%2Fcategories&post=103876"},{"taxonomy":"post_tag","embeddable":true,"href":"https:\/\/elinformante.mx\/index.php?rest_route=%2Fwp%2Fv2%2Ftags&post=103876"}],"curies":[{"name":"wp","href":"https:\/\/api.w.org\/{rel}","templated":true}]}}