{"id":103878,"date":"2026-04-24T06:03:18","date_gmt":"2026-04-24T12:03:18","guid":{"rendered":"https:\/\/elinformante.mx\/?p=103878"},"modified":"2026-04-24T06:04:09","modified_gmt":"2026-04-24T12:04:09","slug":"mara-lezama-fortalece-la-proyeccion-global-del-caribe-mexicano-con-el-air-show-2026","status":"publish","type":"post","link":"https:\/\/elinformante.mx\/?p=103878","title":{"rendered":"Mara Lezama fortalece la proyecci\u00f3n global del Caribe Mexicano con el Air Show 2026"},"content":{"rendered":"\n<figure class=\"wp-block-pullquote\"><blockquote><p>-El evento reunir\u00e1 durante cuatro d\u00edas a las Fuerzas Armadas, industria aeroespacial y espect\u00e1culos de talla internacional.<\/p><\/blockquote><\/figure>\n\n\n\n<p class=\"has-drop-cap\">La gobernadora Mara Lezama Espinosa y el comandante de la Fuerza A\u00e9rea Mexicana, General de Divisi\u00f3n PA de EM Rom\u00e1n Carmona Landa, encabezaron la inauguraci\u00f3n del Tulum Air Show 2026, un espect\u00e1culo sin precedentes que combina exhibiciones a\u00e9reas, encuentros de negocios e innovaci\u00f3n tecnol\u00f3gica, desde el Aeropuerto Internacional Felipe Carrillo Puerto de Tulum.<br><\/p>\n\n\n\n<p>Durante la ceremonia, con la presencia del director del Comit\u00e9 de la Feria Aeroespacial M\u00e9xico, General de Grupo PA de EM, Disrael\u00ed G\u00f3mez Herrera, la Gobernadora destac\u00f3 que este evento marca un momento hist\u00f3rico para el estado al integrar, por primera vez, demostraciones de la Fuerza A\u00e9rea Mexicana, la participaci\u00f3n de empresas internacionales del sector aeroespacial y actividades en tierra con una carrera de la NASCAR.<br><\/p>\n\n\n\n<p>Reconoci\u00f3 el avance de las mujeres en espacios hist\u00f3ricamente limitados, al destacar la participaci\u00f3n de la teniente Brenda Citlali Garc\u00eda, integrante de las \u00c1guilas Aztecas, como s\u00edmbolo de inspiraci\u00f3n para las nuevas generaciones.<br><\/p>\n\n\n\n<p>Mara Lezama subray\u00f3 que el Aeropuerto Internacional de Tulum ha superado expectativas desde su apertura y posiciona a Quintana Roo como la \u00fanica entidad del pa\u00eds con cuatro aeropuertos internacionales, fortaleciendo su liderazgo tur\u00edstico y conectividad en Am\u00e9rica Latina.<br><\/p>\n\n\n\n<p>El director del Comit\u00e9 de la Feria Aeroespacial M\u00e9xico, General de Grupo PA de EM, Disrael\u00ed G\u00f3mez Herrera, consider\u00f3 que este es un evento hist\u00f3rico con un extraordinario escenario que es el Caribe mexicano.<br><\/p>\n\n\n\n<p>Destac\u00f3 el apoyo y participaci\u00f3n de empresas del Estado: Tren Maya, Mexicana de Aviaci\u00f3n y Grupo Mundo Maya, ya que estos actores son claves en la transformaci\u00f3n y conectividad del sureste del pa\u00eds.<\/p>\n","protected":false},"excerpt":{"rendered":"<p>-El evento reunir\u00e1 durante cuatro d\u00edas a las Fuerzas Armadas, industria aeroespacial y espect\u00e1culos de talla internacional. La gobernadora Mara Lezama Espinosa y el comandante de la Fuerza A\u00e9rea Mexicana, General de Divisi\u00f3n PA de EM Rom\u00e1n Carmona Landa, encabezaron la inauguraci\u00f3n del Tulum Air Show 2026, un espect\u00e1culo sin precedentes que combina exhibiciones a\u00e9reas, [&hellip;]<\/p>\n","protected":false},"author":1,"featured_media":103881,"comment_status":"closed","ping_status":"closed","sticky":false,"template":"","format":"standard","meta":{"footnotes":""},"categories":[30,34],"tags":[],"class_list":["post-103878","post","type-post","status-publish","format-standard","has-post-thumbnail","hentry","category-destacado","category-nacional"],"_links":{"self":[{"href":"https:\/\/elinformante.mx\/index.php?rest_route=\/wp\/v2\/posts\/103878","targetHints":{"allow":["GET"]}}],"collection":[{"href":"https:\/\/elinformante.mx\/index.php?rest_route=\/wp\/v2\/posts"}],"about":[{"href":"https:\/\/elinformante.mx\/index.php?rest_route=\/wp\/v2\/types\/post"}],"author":[{"embeddable":true,"href":"https:\/\/elinformante.mx\/index.php?rest_route=\/wp\/v2\/users\/1"}],"replies":[{"embeddable":true,"href":"https:\/\/elinformante.mx\/index.php?rest_route=%2Fwp%2Fv2%2Fcomments&post=103878"}],"version-history":[{"count":0,"href":"https:\/\/elinformante.mx\/index.php?rest_route=\/wp\/v2\/posts\/103878\/revisions"}],"wp:featuredmedia":[{"embeddable":true,"href":"https:\/\/elinformante.mx\/index.php?rest_route=\/wp\/v2\/media\/103881"}],"wp:attachment":[{"href":"https:\/\/elinformante.mx\/index.php?rest_route=%2Fwp%2Fv2%2Fmedia&parent=103878"}],"wp:term":[{"taxonomy":"category","embeddable":true,"href":"https:\/\/elinformante.mx\/index.php?rest_route=%2Fwp%2Fv2%2Fcategories&post=103878"},{"taxonomy":"post_tag","embeddable":true,"href":"https:\/\/elinformante.mx\/index.php?rest_route=%2Fwp%2Fv2%2Ftags&post=103878"}],"curies":[{"name":"wp","href":"https:\/\/api.w.org\/{rel}","templated":true}]}}