{"id":103882,"date":"2026-04-24T06:09:51","date_gmt":"2026-04-24T12:09:51","guid":{"rendered":"https:\/\/elinformante.mx\/?p=103882"},"modified":"2026-04-24T06:10:03","modified_gmt":"2026-04-24T12:10:03","slug":"onu-reconoce-a-mexico-como-referente-internacional-en-derechos-humanos","status":"publish","type":"post","link":"https:\/\/elinformante.mx\/?p=103882","title":{"rendered":"ONU reconoce a M\u00e9xico como referente internacional en derechos humanos"},"content":{"rendered":"\n<figure class=\"wp-block-pullquote\"><blockquote><p>-El Alto Comisionado Volker T\u00fcrk destaca avances legales y sociales, aunque se\u00f1ala desaf\u00edos pendientes en justicia y desapariciones<\/p><\/blockquote><\/figure>\n\n\n\n<p class=\"has-drop-cap\">M\u00e9xico cuenta con un marco jur\u00eddico e institucional en materia de derechos humanos que se ha convertido en referencia a nivel internacional, al haber sido construido con la participaci\u00f3n activa de las v\u00edctimas, afirm\u00f3 el Alto Comisionado de las Naciones Unidas para los Derechos Humanos, Volker T\u00fcrk, tras su visita oficial al pa\u00eds.<br><\/p>\n\n\n\n<p>Durante su estancia del 19 al 22 de abril, el representante de la Organizaci\u00f3n de las Naciones Unidas sostuvo encuentros con autoridades federales, encabezadas por la presidenta Claudia Sheinbaum Pardo, as\u00ed como con integrantes del Poder Judicial, el Senado, fiscal\u00edas estatales y organizaciones de la sociedad civil.<br><\/p>\n\n\n\n<p>Al concluir su visita, T\u00fcrk calific\u00f3 el di\u00e1logo como fruct\u00edfero y destac\u00f3 avances como la reforma constitucional que reconoce a los pueblos ind\u00edgenas como sujetos de derecho p\u00fablico, la implementaci\u00f3n de pol\u00edticas sociales que han contribuido a reducir la pobreza y el fortalecimiento de mecanismos de protecci\u00f3n para periodistas y personas defensoras de derechos humanos.<br><\/p>\n\n\n\n<p>Asimismo, subray\u00f3 que M\u00e9xico ha logrado ampliar el acceso a derechos econ\u00f3micos y sociales mediante programas dirigidos a sectores vulnerables, incrementos al salario m\u00ednimo y esquemas de atenci\u00f3n universal, particularmente para personas adultas mayores.<br><\/p>\n\n\n\n<p>En materia de desapariciones, el Alto Comisionado reconoci\u00f3 el potencial del marco legal mexicano, especialmente la Ley General en la materia y la reciente actualizaci\u00f3n del protocolo nacional de b\u00fasqueda, al tiempo que llam\u00f3 a fortalecer las acciones para garantizar justicia y combatir este fen\u00f3meno.<br><\/p>\n\n\n\n<p>Durante la visita tambi\u00e9n se abordaron temas como la protecci\u00f3n de personas migrantes, el acceso efectivo a la justicia y la necesidad de reforzar la cooperaci\u00f3n internacional para enfrentar problem\u00e1ticas como el tr\u00e1fico il\u00edcito de armas.<br><\/p>\n\n\n\n<p>El Gobierno de M\u00e9xico reiter\u00f3 su disposici\u00f3n para mantener un di\u00e1logo abierto con organismos internacionales y fortalecer la cooperaci\u00f3n multilateral, con el objetivo de consolidar una pol\u00edtica de derechos humanos centrada en las personas.<br><\/p>\n\n\n\n<p>Con esta visita, M\u00e9xico reafirma su papel como actor relevante en la agenda global de derechos humanos y su compromiso con la construcci\u00f3n de un entorno m\u00e1s justo e incluyente.<\/p>\n","protected":false},"excerpt":{"rendered":"<p>-El Alto Comisionado Volker T\u00fcrk destaca avances legales y sociales, aunque se\u00f1ala desaf\u00edos pendientes en justicia y desapariciones M\u00e9xico cuenta con un marco jur\u00eddico e institucional en materia de derechos humanos que se ha convertido en referencia a nivel internacional, al haber sido construido con la participaci\u00f3n activa de las v\u00edctimas, afirm\u00f3 el Alto Comisionado [&hellip;]<\/p>\n","protected":false},"author":1,"featured_media":103885,"comment_status":"closed","ping_status":"closed","sticky":false,"template":"","format":"standard","meta":{"footnotes":""},"categories":[30,34],"tags":[],"class_list":["post-103882","post","type-post","status-publish","format-standard","has-post-thumbnail","hentry","category-destacado","category-nacional"],"_links":{"self":[{"href":"https:\/\/elinformante.mx\/index.php?rest_route=\/wp\/v2\/posts\/103882","targetHints":{"allow":["GET"]}}],"collection":[{"href":"https:\/\/elinformante.mx\/index.php?rest_route=\/wp\/v2\/posts"}],"about":[{"href":"https:\/\/elinformante.mx\/index.php?rest_route=\/wp\/v2\/types\/post"}],"author":[{"embeddable":true,"href":"https:\/\/elinformante.mx\/index.php?rest_route=\/wp\/v2\/users\/1"}],"replies":[{"embeddable":true,"href":"https:\/\/elinformante.mx\/index.php?rest_route=%2Fwp%2Fv2%2Fcomments&post=103882"}],"version-history":[{"count":0,"href":"https:\/\/elinformante.mx\/index.php?rest_route=\/wp\/v2\/posts\/103882\/revisions"}],"wp:featuredmedia":[{"embeddable":true,"href":"https:\/\/elinformante.mx\/index.php?rest_route=\/wp\/v2\/media\/103885"}],"wp:attachment":[{"href":"https:\/\/elinformante.mx\/index.php?rest_route=%2Fwp%2Fv2%2Fmedia&parent=103882"}],"wp:term":[{"taxonomy":"category","embeddable":true,"href":"https:\/\/elinformante.mx\/index.php?rest_route=%2Fwp%2Fv2%2Fcategories&post=103882"},{"taxonomy":"post_tag","embeddable":true,"href":"https:\/\/elinformante.mx\/index.php?rest_route=%2Fwp%2Fv2%2Ftags&post=103882"}],"curies":[{"name":"wp","href":"https:\/\/api.w.org\/{rel}","templated":true}]}}