{"id":103888,"date":"2026-04-24T06:25:25","date_gmt":"2026-04-24T12:25:25","guid":{"rendered":"https:\/\/elinformante.mx\/?p=103888"},"modified":"2026-04-24T06:27:49","modified_gmt":"2026-04-24T12:27:49","slug":"sheinbaum-anuncia-adquisicion-del-tren-felipe-angeles","status":"publish","type":"post","link":"https:\/\/elinformante.mx\/?p=103888","title":{"rendered":"SHEINBAUM ANUNCIA ADQUISICI\u00d3N DEL TREN FELIPE \u00c1NGELES"},"content":{"rendered":"\n<figure class=\"wp-block-pullquote\"><blockquote><p>-La operaci\u00f3n ferroviaria pasa a control p\u00fablico con una inversi\u00f3n de casi 6 mil millones de pesos.<\/p><\/blockquote><\/figure>\n\n\n\n<p class=\"has-drop-cap\">El Gobierno de M\u00e9xico anunci\u00f3 la adquisici\u00f3n total del Tren Suburbano, que dejar\u00e1 de ser operado por empresas privadas para integrarse al sistema p\u00fablico bajo el nombre de Tren Felipe \u00c1ngeles, como parte de la estrategia de fortalecimiento del transporte ferroviario de pasajeros.<br><\/p>\n\n\n\n<p>La presidenta Claudia Sheinbaum Pardo inform\u00f3 que la operaci\u00f3n del tren estar\u00e1 a cargo del Estado a trav\u00e9s del Fondo Nacional de Infraestructura, tras un acuerdo con las empresas concesionarias.<br><\/p>\n\n\n\n<p>\u201cEste tren ahora se va a operar como un tren a manos del Gobierno y es de com\u00fan acuerdo. Pasa de manos privadas a manos del pueblo de M\u00e9xico\u201d, afirm\u00f3 durante su conferencia.<br><\/p>\n\n\n\n<p>La mandataria detall\u00f3 que esta acci\u00f3n forma parte del proceso de recuperaci\u00f3n del sistema ferroviario impulsado desde la administraci\u00f3n del expresidente Andr\u00e9s Manuel L\u00f3pez Obrador y que contin\u00faa con nuevos proyectos en distintas regiones del pa\u00eds.<br><\/p>\n\n\n\n<figure class=\"wp-block-image size-large\"><img fetchpriority=\"high\" decoding=\"async\" width=\"1024\" height=\"506\" src=\"https:\/\/elinformante.mx\/wp-content\/uploads\/2026\/04\/9claudia-4-1024x506.jpg\" alt=\"\" class=\"wp-image-103891\" srcset=\"https:\/\/elinformante.mx\/wp-content\/uploads\/2026\/04\/9claudia-4-1024x506.jpg 1024w, https:\/\/elinformante.mx\/wp-content\/uploads\/2026\/04\/9claudia-4-300x148.jpg 300w, https:\/\/elinformante.mx\/wp-content\/uploads\/2026\/04\/9claudia-4-768x379.jpg 768w, https:\/\/elinformante.mx\/wp-content\/uploads\/2026\/04\/9claudia-4.jpg 1140w\" sizes=\"(max-width: 1024px) 100vw, 1024px\" \/><\/figure>\n\n\n\n<p>Por su parte, el director general de Banco Nacional de Obras y Servicios P\u00fablicos, Jorge Mendoza S\u00e1nchez, precis\u00f3 que la adquisici\u00f3n implic\u00f3 una inversi\u00f3n de 5 mil 999 millones de pesos, con lo cual el Estado tendr\u00e1 el 100 por ciento de participaci\u00f3n accionaria, convirtiendo al sistema en una Empresa de Participaci\u00f3n Estatal Mayoritaria.<br><\/p>\n\n\n\n<p>El funcionario se\u00f1al\u00f3 que las tarifas actuales se mantendr\u00e1n sin cambios: 11.50 pesos para recorridos cortos y 26.50 para trayectos largos. En el caso del nuevo ramal hacia el Aeropuerto Internacional Felipe \u00c1ngeles, el costo ser\u00e1 de 45 pesos en el trayecto completo durante su primer mes de operaci\u00f3n.<br><\/p>\n\n\n\n<p>La inauguraci\u00f3n del tramo Lecher\u00eda-AIFA est\u00e1 prevista para el pr\u00f3ximo 26 de abril, como parte de las acciones contempladas en el Plan M\u00e9xico, que incluye la expansi\u00f3n de rutas ferroviarias como el AIFA-Pachuca y otros proyectos estrat\u00e9gicos.<br><\/p>\n\n\n\n<p>Con esta medida, el Gobierno federal busca consolidar un sistema de transporte p\u00fablico m\u00e1s accesible, eficiente y bajo control estatal, orientado al servicio de la poblaci\u00f3n.<\/p>\n\n\n\n<figure class=\"wp-block-image size-large\"><img decoding=\"async\" width=\"1024\" height=\"506\" src=\"https:\/\/elinformante.mx\/wp-content\/uploads\/2026\/04\/9claudia-3-2-1024x506.jpg\" alt=\"\" class=\"wp-image-103892\" srcset=\"https:\/\/elinformante.mx\/wp-content\/uploads\/2026\/04\/9claudia-3-2-1024x506.jpg 1024w, https:\/\/elinformante.mx\/wp-content\/uploads\/2026\/04\/9claudia-3-2-300x148.jpg 300w, https:\/\/elinformante.mx\/wp-content\/uploads\/2026\/04\/9claudia-3-2-768x379.jpg 768w, https:\/\/elinformante.mx\/wp-content\/uploads\/2026\/04\/9claudia-3-2.jpg 1140w\" sizes=\"(max-width: 1024px) 100vw, 1024px\" \/><\/figure>\n","protected":false},"excerpt":{"rendered":"<p>-La operaci\u00f3n ferroviaria pasa a control p\u00fablico con una inversi\u00f3n de casi 6 mil millones de pesos. El Gobierno de M\u00e9xico anunci\u00f3 la adquisici\u00f3n total del Tren Suburbano, que dejar\u00e1 de ser operado por empresas privadas para integrarse al sistema p\u00fablico bajo el nombre de Tren Felipe \u00c1ngeles, como parte de la estrategia de fortalecimiento [&hellip;]<\/p>\n","protected":false},"author":1,"featured_media":103890,"comment_status":"closed","ping_status":"closed","sticky":false,"template":"","format":"standard","meta":{"footnotes":""},"categories":[30,34,31],"tags":[47],"class_list":["post-103888","post","type-post","status-publish","format-standard","has-post-thumbnail","hentry","category-destacado","category-nacional","category-portada","tag-portadanacional"],"_links":{"self":[{"href":"https:\/\/elinformante.mx\/index.php?rest_route=\/wp\/v2\/posts\/103888","targetHints":{"allow":["GET"]}}],"collection":[{"href":"https:\/\/elinformante.mx\/index.php?rest_route=\/wp\/v2\/posts"}],"about":[{"href":"https:\/\/elinformante.mx\/index.php?rest_route=\/wp\/v2\/types\/post"}],"author":[{"embeddable":true,"href":"https:\/\/elinformante.mx\/index.php?rest_route=\/wp\/v2\/users\/1"}],"replies":[{"embeddable":true,"href":"https:\/\/elinformante.mx\/index.php?rest_route=%2Fwp%2Fv2%2Fcomments&post=103888"}],"version-history":[{"count":0,"href":"https:\/\/elinformante.mx\/index.php?rest_route=\/wp\/v2\/posts\/103888\/revisions"}],"wp:featuredmedia":[{"embeddable":true,"href":"https:\/\/elinformante.mx\/index.php?rest_route=\/wp\/v2\/media\/103890"}],"wp:attachment":[{"href":"https:\/\/elinformante.mx\/index.php?rest_route=%2Fwp%2Fv2%2Fmedia&parent=103888"}],"wp:term":[{"taxonomy":"category","embeddable":true,"href":"https:\/\/elinformante.mx\/index.php?rest_route=%2Fwp%2Fv2%2Fcategories&post=103888"},{"taxonomy":"post_tag","embeddable":true,"href":"https:\/\/elinformante.mx\/index.php?rest_route=%2Fwp%2Fv2%2Ftags&post=103888"}],"curies":[{"name":"wp","href":"https:\/\/api.w.org\/{rel}","templated":true}]}}