{"id":103902,"date":"2026-04-24T14:03:43","date_gmt":"2026-04-24T20:03:43","guid":{"rendered":"https:\/\/elinformante.mx\/?p=103902"},"modified":"2026-04-24T14:03:48","modified_gmt":"2026-04-24T20:03:48","slug":"inauguraran-tren-suburbano-aifa-lecheria-para-mejorar-la-movilidad-en-edomex","status":"publish","type":"post","link":"https:\/\/elinformante.mx\/?p=103902","title":{"rendered":"INAUGURAR\u00c1N TREN SUBURBANO AIFA-LECHER\u00cdA PARA MEJORAR LA MOVILIDAD EN EDOM\u00c9X"},"content":{"rendered":"\n<p>La presidenta <strong>Claudia Sheinbaum Pardo<\/strong> y la gobernadora <strong>Delfina G\u00f3mez \u00c1lvarez<\/strong> encabezar\u00e1n la inauguraci\u00f3n del <strong>Tren Suburbano AIFA-Lecher\u00eda<\/strong>, una obra de <strong>23.7 kil\u00f3metros<\/strong> que conectar\u00e1 la Zona Metropolitana del Valle de M\u00e9xico con el <strong>Aeropuerto Internacional Felipe \u00c1ngeles (AIFA)<\/strong>.<\/p>\n\n\n\n<p>El nuevo sistema contar\u00e1 con <strong>seis estaciones intermedias<\/strong> y beneficiar\u00e1 a municipios como <strong>Tultitl\u00e1n, Tultepec, Nextlalpan y Zumpango<\/strong>, con una demanda estimada de <strong>m\u00e1s de 82 mil pasajeros diarios<\/strong>.<\/p>\n\n\n\n<p>Este tren permitir\u00e1 reducir el tiempo de traslado desde <strong>Buenavista al AIFA a menos de 40 minutos<\/strong>, operando con <strong>10 trenes electrificados<\/strong>, intervalos de 15 minutos y un horario de servicio de <strong>5:00 a 00:30 horas<\/strong>.<\/p>\n\n\n\n<p>Adem\u00e1s, el proyecto se integrar\u00e1 con sistemas de transporte como <strong>Metro, Metrob\u00fas y Mexib\u00fas<\/strong>, fortaleciendo la conectividad regional y facilitando la movilidad de usuarios hacia el aeropuerto.<\/p>\n\n\n\n<p>Autoridades se\u00f1alaron que esta obra forma parte del <strong>Plan M\u00e9xico<\/strong> y se suma a otros proyectos como el <strong>Tren Insurgente y el Troleb\u00fas Mexiquense<\/strong>, con el objetivo de transformar el transporte p\u00fablico en la entidad.<\/p>\n","protected":false},"excerpt":{"rendered":"<p>La presidenta Claudia Sheinbaum Pardo y la gobernadora Delfina G\u00f3mez \u00c1lvarez encabezar\u00e1n la inauguraci\u00f3n del Tren Suburbano AIFA-Lecher\u00eda, una obra de 23.7 kil\u00f3metros que conectar\u00e1 la Zona Metropolitana del Valle de M\u00e9xico con el Aeropuerto Internacional Felipe \u00c1ngeles (AIFA). El nuevo sistema contar\u00e1 con seis estaciones intermedias y beneficiar\u00e1 a municipios como Tultitl\u00e1n, Tultepec, Nextlalpan [&hellip;]<\/p>\n","protected":false},"author":2,"featured_media":103903,"comment_status":"closed","ping_status":"closed","sticky":false,"template":"","format":"standard","meta":{"footnotes":""},"categories":[36,34],"tags":[],"class_list":["post-103902","post","type-post","status-publish","format-standard","has-post-thumbnail","hentry","category-edomex","category-nacional"],"_links":{"self":[{"href":"https:\/\/elinformante.mx\/index.php?rest_route=\/wp\/v2\/posts\/103902","targetHints":{"allow":["GET"]}}],"collection":[{"href":"https:\/\/elinformante.mx\/index.php?rest_route=\/wp\/v2\/posts"}],"about":[{"href":"https:\/\/elinformante.mx\/index.php?rest_route=\/wp\/v2\/types\/post"}],"author":[{"embeddable":true,"href":"https:\/\/elinformante.mx\/index.php?rest_route=\/wp\/v2\/users\/2"}],"replies":[{"embeddable":true,"href":"https:\/\/elinformante.mx\/index.php?rest_route=%2Fwp%2Fv2%2Fcomments&post=103902"}],"version-history":[{"count":0,"href":"https:\/\/elinformante.mx\/index.php?rest_route=\/wp\/v2\/posts\/103902\/revisions"}],"wp:featuredmedia":[{"embeddable":true,"href":"https:\/\/elinformante.mx\/index.php?rest_route=\/wp\/v2\/media\/103903"}],"wp:attachment":[{"href":"https:\/\/elinformante.mx\/index.php?rest_route=%2Fwp%2Fv2%2Fmedia&parent=103902"}],"wp:term":[{"taxonomy":"category","embeddable":true,"href":"https:\/\/elinformante.mx\/index.php?rest_route=%2Fwp%2Fv2%2Fcategories&post=103902"},{"taxonomy":"post_tag","embeddable":true,"href":"https:\/\/elinformante.mx\/index.php?rest_route=%2Fwp%2Fv2%2Ftags&post=103902"}],"curies":[{"name":"wp","href":"https:\/\/api.w.org\/{rel}","templated":true}]}}