{"id":103911,"date":"2026-04-24T17:22:35","date_gmt":"2026-04-24T23:22:35","guid":{"rendered":"https:\/\/elinformante.mx\/?p=103911"},"modified":"2026-04-24T17:22:39","modified_gmt":"2026-04-24T23:22:39","slug":"adela-micha-hace-comentario-sobre-nodal-tras-concierto","status":"publish","type":"post","link":"https:\/\/elinformante.mx\/?p=103911","title":{"rendered":"Adela Micha hace comentario sobre Nodal tras concierto"},"content":{"rendered":"\n<p>La periodista Adela Micha gener\u00f3 una ola de reacciones en redes sociales luego de hacer un comentario sobre Christian Nodal tras asistir a uno de sus conciertos en Aguascalientes.<\/p>\n\n\n\n<p>Durante una emisi\u00f3n de su programa La Saga, la conductora relat\u00f3 su experiencia en el evento, destacando que tuvo un breve acercamiento con el cantante, a quien incluso le entreg\u00f3 flores durante el espect\u00e1culo.<\/p>\n\n\n\n<p>Sin embargo, la frase que deton\u00f3 la pol\u00e9mica fue cuando Micha expres\u00f3 de forma directa su opini\u00f3n sobre el int\u00e9rprete, comentario que r\u00e1pidamente se viraliz\u00f3 y dividi\u00f3 opiniones entre quienes lo tomaron con humor y quienes lo consideraron inapropiado.<\/p>\n\n\n<div class=\"wp-block-image\">\n<figure class=\"aligncenter size-large\"><img fetchpriority=\"high\" decoding=\"async\" width=\"1024\" height=\"576\" src=\"https:\/\/elinformante.mx\/wp-content\/uploads\/2026\/04\/EIM-horizontal-2026-04-24T172158.868-1024x576.png\" alt=\"\" class=\"wp-image-103913\" srcset=\"https:\/\/elinformante.mx\/wp-content\/uploads\/2026\/04\/EIM-horizontal-2026-04-24T172158.868-1024x576.png 1024w, https:\/\/elinformante.mx\/wp-content\/uploads\/2026\/04\/EIM-horizontal-2026-04-24T172158.868-300x169.png 300w, https:\/\/elinformante.mx\/wp-content\/uploads\/2026\/04\/EIM-horizontal-2026-04-24T172158.868-768x432.png 768w, https:\/\/elinformante.mx\/wp-content\/uploads\/2026\/04\/EIM-horizontal-2026-04-24T172158.868-1536x864.png 1536w, https:\/\/elinformante.mx\/wp-content\/uploads\/2026\/04\/EIM-horizontal-2026-04-24T172158.868.png 1920w\" sizes=\"(max-width: 1024px) 100vw, 1024px\" \/><figcaption class=\"wp-element-caption\">FOTO: Redes sociales<\/figcaption><\/figure>\n<\/div>\n\n\n<p>Adem\u00e1s de su declaraci\u00f3n, la periodista elogi\u00f3 el talento vocal y la presencia esc\u00e9nica de Nodal, resaltando detalles de su imagen que llamaron su atenci\u00f3n durante el concierto.<\/p>\n\n\n\n<p>Ante la controversia, Micha aclar\u00f3 que sus palabras no ten\u00edan una intenci\u00f3n negativa, sino que se trat\u00f3 de un comentario espont\u00e1neo, en un contexto donde tambi\u00e9n buscaba desmentir versiones sobre un supuesto distanciamiento con el artista.<\/p>\n\n\n\n<p>Hasta el momento, ni Christian Nodal ni \u00c1ngela Aguilar han reaccionado p\u00fablicamente, mientras el tema contin\u00faa generando conversaci\u00f3n en redes sociales.<\/p>\n","protected":false},"excerpt":{"rendered":"<p>La periodista Adela Micha gener\u00f3 una ola de reacciones en redes sociales luego de hacer un comentario sobre Christian Nodal tras asistir a uno de sus conciertos en Aguascalientes. Durante una emisi\u00f3n de su programa La Saga, la conductora relat\u00f3 su experiencia en el evento, destacando que tuvo un breve acercamiento con el cantante, a [&hellip;]<\/p>\n","protected":false},"author":2,"featured_media":103912,"comment_status":"closed","ping_status":"closed","sticky":false,"template":"","format":"standard","meta":{"footnotes":""},"categories":[39],"tags":[1060,381,380,886,281,888,1059,893,344,1025],"class_list":["post-103911","post","type-post","status-publish","format-standard","has-post-thumbnail","hentry","category-espectaculos","tag-adela-micha","tag-angela-aguilar","tag-christian-nodal","tag-concierto","tag-entretenimiento","tag-espectaculo","tag-la-saga","tag-polemica","tag-redes-sociales","tag-viral"],"_links":{"self":[{"href":"https:\/\/elinformante.mx\/index.php?rest_route=\/wp\/v2\/posts\/103911","targetHints":{"allow":["GET"]}}],"collection":[{"href":"https:\/\/elinformante.mx\/index.php?rest_route=\/wp\/v2\/posts"}],"about":[{"href":"https:\/\/elinformante.mx\/index.php?rest_route=\/wp\/v2\/types\/post"}],"author":[{"embeddable":true,"href":"https:\/\/elinformante.mx\/index.php?rest_route=\/wp\/v2\/users\/2"}],"replies":[{"embeddable":true,"href":"https:\/\/elinformante.mx\/index.php?rest_route=%2Fwp%2Fv2%2Fcomments&post=103911"}],"version-history":[{"count":0,"href":"https:\/\/elinformante.mx\/index.php?rest_route=\/wp\/v2\/posts\/103911\/revisions"}],"wp:featuredmedia":[{"embeddable":true,"href":"https:\/\/elinformante.mx\/index.php?rest_route=\/wp\/v2\/media\/103912"}],"wp:attachment":[{"href":"https:\/\/elinformante.mx\/index.php?rest_route=%2Fwp%2Fv2%2Fmedia&parent=103911"}],"wp:term":[{"taxonomy":"category","embeddable":true,"href":"https:\/\/elinformante.mx\/index.php?rest_route=%2Fwp%2Fv2%2Fcategories&post=103911"},{"taxonomy":"post_tag","embeddable":true,"href":"https:\/\/elinformante.mx\/index.php?rest_route=%2Fwp%2Fv2%2Ftags&post=103911"}],"curies":[{"name":"wp","href":"https:\/\/api.w.org\/{rel}","templated":true}]}}