{"id":103925,"date":"2026-04-27T05:08:50","date_gmt":"2026-04-27T11:08:50","guid":{"rendered":"https:\/\/elinformante.mx\/?p=103925"},"modified":"2026-04-27T05:08:56","modified_gmt":"2026-04-27T11:08:56","slug":"exportero-de-rayados-pierde-la-cabeza-en-espana-tras-ser-expulsado-y-agrede-a-rival","status":"publish","type":"post","link":"https:\/\/elinformante.mx\/?p=103925","title":{"rendered":"Exportero de Rayados pierde la cabeza en Espa\u00f1a tras ser expulsado y agrede a rival"},"content":{"rendered":"\n<figure class=\"wp-block-pullquote\"><blockquote><p>Esteban Andrada desat\u00f3 un zafarrancho al golpear en el rostro a Jorge Pulido.<\/p><\/blockquote><\/figure>\n\n\n\n<p class=\"has-drop-cap\">El argentino Esteban Andrada protagoniz\u00f3 una de las escenas m\u00e1s pol\u00e9micas del futbol europeo al agredir con un pu\u00f1etazo directo al rostro a Jorge Pulido, capit\u00e1n del Huesca, en un duelo de la Segunda Divisi\u00f3n de Espa\u00f1a.<br><\/p>\n\n\n\n<p>Todo ocurri\u00f3 en los minutos finales del partido, cuando el guardameta del Zaragoza, tras detener un penal y acumular tensi\u00f3n durante el encuentro, fue expulsado al recibir su segunda tarjeta amarilla al 90+8\u2019. Pero la historia no termin\u00f3 ah\u00ed.<br><\/p>\n\n\n\n<p>Fuera de s\u00ed, Andrada regres\u00f3 corriendo hacia Pulido y, sin mediar palabra, lanz\u00f3 un golpe contundente que impact\u00f3 de lleno en el rostro del defensor, provocando un conato de bronca que involucr\u00f3 a jugadores, suplentes y cuerpos t\u00e9cnicos de ambos equipos.<br><\/p>\n\n\n\n<p>El incidente desat\u00f3 un zafarrancho generalizado en el terreno de juego, obligando a la intervenci\u00f3n de todos los presentes para evitar que la situaci\u00f3n escalara a\u00fan m\u00e1s.<br><\/p>\n\n\n\n<p>Ahora, el exportero de Rayados enfrenta una posible sanci\u00f3n severa por parte de la Federaci\u00f3n Espa\u00f1ola de Futbol, en un episodio que mancha su trayectoria y revive el debate sobre la violencia dentro de la cancha.<\/p>\n","protected":false},"excerpt":{"rendered":"<p>Esteban Andrada desat\u00f3 un zafarrancho al golpear en el rostro a Jorge Pulido. El argentino Esteban Andrada protagoniz\u00f3 una de las escenas m\u00e1s pol\u00e9micas del futbol europeo al agredir con un pu\u00f1etazo directo al rostro a Jorge Pulido, capit\u00e1n del Huesca, en un duelo de la Segunda Divisi\u00f3n de Espa\u00f1a. Todo ocurri\u00f3 en los minutos [&hellip;]<\/p>\n","protected":false},"author":1,"featured_media":103928,"comment_status":"closed","ping_status":"closed","sticky":false,"template":"","format":"standard","meta":{"footnotes":""},"categories":[38],"tags":[],"class_list":["post-103925","post","type-post","status-publish","format-standard","has-post-thumbnail","hentry","category-deportes"],"_links":{"self":[{"href":"https:\/\/elinformante.mx\/index.php?rest_route=\/wp\/v2\/posts\/103925","targetHints":{"allow":["GET"]}}],"collection":[{"href":"https:\/\/elinformante.mx\/index.php?rest_route=\/wp\/v2\/posts"}],"about":[{"href":"https:\/\/elinformante.mx\/index.php?rest_route=\/wp\/v2\/types\/post"}],"author":[{"embeddable":true,"href":"https:\/\/elinformante.mx\/index.php?rest_route=\/wp\/v2\/users\/1"}],"replies":[{"embeddable":true,"href":"https:\/\/elinformante.mx\/index.php?rest_route=%2Fwp%2Fv2%2Fcomments&post=103925"}],"version-history":[{"count":0,"href":"https:\/\/elinformante.mx\/index.php?rest_route=\/wp\/v2\/posts\/103925\/revisions"}],"wp:featuredmedia":[{"embeddable":true,"href":"https:\/\/elinformante.mx\/index.php?rest_route=\/wp\/v2\/media\/103928"}],"wp:attachment":[{"href":"https:\/\/elinformante.mx\/index.php?rest_route=%2Fwp%2Fv2%2Fmedia&parent=103925"}],"wp:term":[{"taxonomy":"category","embeddable":true,"href":"https:\/\/elinformante.mx\/index.php?rest_route=%2Fwp%2Fv2%2Fcategories&post=103925"},{"taxonomy":"post_tag","embeddable":true,"href":"https:\/\/elinformante.mx\/index.php?rest_route=%2Fwp%2Fv2%2Ftags&post=103925"}],"curies":[{"name":"wp","href":"https:\/\/api.w.org\/{rel}","templated":true}]}}