{"id":103933,"date":"2026-04-27T05:16:02","date_gmt":"2026-04-27T11:16:02","guid":{"rendered":"https:\/\/elinformante.mx\/?p=103933"},"modified":"2026-04-27T05:16:07","modified_gmt":"2026-04-27T11:16:07","slug":"ramirez-ponce-reconoce-coordinacion-de-seguridad-durante-festival-mareva-2026-en-lerma","status":"publish","type":"post","link":"https:\/\/elinformante.mx\/?p=103933","title":{"rendered":"Ram\u00edrez Ponce reconoce coordinaci\u00f3n de seguridad durante festival MAREVA 2026 en Lerma"},"content":{"rendered":"\n<figure class=\"wp-block-pullquote\"><blockquote><p>La participaci\u00f3n interinstitucional permiti\u00f3 un desarrollo ordenado y seguro del evento<\/p><\/blockquote><\/figure>\n\n\n\n<p class=\"has-drop-cap\">El Gobierno Municipal de Lerma reconoci\u00f3 la participaci\u00f3n y coordinaci\u00f3n de las corporaciones de seguridad y atenci\u00f3n que intervinieron durante el Festival Cultural MAREVA 2026, destacando su labor para garantizar un entorno seguro para las familias asistentes.<br><\/p>\n\n\n\n<p>El presidente municipal, Miguel \u00c1ngel Ram\u00edrez Ponce, agradeci\u00f3 el apoyo de la Guardia Nacional, la Secretar\u00eda de Seguridad del Estado de M\u00e9xico, la Direcci\u00f3n de Seguridad P\u00fablica y Tr\u00e1nsito Municipal, la Cruz Roja, Protecci\u00f3n Civil, Bomberos y operadores de drones.<br><\/p>\n\n\n\n<figure class=\"wp-block-image size-large\"><img fetchpriority=\"high\" decoding=\"async\" width=\"1024\" height=\"506\" src=\"https:\/\/elinformante.mx\/wp-content\/uploads\/2026\/04\/12LERMA-6-1024x506.jpg\" alt=\"\" class=\"wp-image-103937\" srcset=\"https:\/\/elinformante.mx\/wp-content\/uploads\/2026\/04\/12LERMA-6-1024x506.jpg 1024w, https:\/\/elinformante.mx\/wp-content\/uploads\/2026\/04\/12LERMA-6-300x148.jpg 300w, https:\/\/elinformante.mx\/wp-content\/uploads\/2026\/04\/12LERMA-6-768x379.jpg 768w, https:\/\/elinformante.mx\/wp-content\/uploads\/2026\/04\/12LERMA-6.jpg 1140w\" sizes=\"(max-width: 1024px) 100vw, 1024px\" \/><\/figure>\n\n\n\n<p>Se\u00f1al\u00f3 que la colaboraci\u00f3n entre los distintos \u00f3rdenes de gobierno y cuerpos de emergencia permiti\u00f3 que el evento se desarrollara con orden, seguridad y saldo favorable.<br><\/p>\n\n\n\n<p>El Gobierno Municipal subray\u00f3 que este tipo de acciones reflejan el compromiso institucional con la protecci\u00f3n de la ciudadan\u00eda y la adecuada organizaci\u00f3n de eventos masivos.<\/p>\n","protected":false},"excerpt":{"rendered":"<p>La participaci\u00f3n interinstitucional permiti\u00f3 un desarrollo ordenado y seguro del evento El Gobierno Municipal de Lerma reconoci\u00f3 la participaci\u00f3n y coordinaci\u00f3n de las corporaciones de seguridad y atenci\u00f3n que intervinieron durante el Festival Cultural MAREVA 2026, destacando su labor para garantizar un entorno seguro para las familias asistentes. El presidente municipal, Miguel \u00c1ngel Ram\u00edrez Ponce, [&hellip;]<\/p>\n","protected":false},"author":1,"featured_media":103936,"comment_status":"closed","ping_status":"closed","sticky":false,"template":"","format":"standard","meta":{"footnotes":""},"categories":[36],"tags":[],"class_list":["post-103933","post","type-post","status-publish","format-standard","has-post-thumbnail","hentry","category-edomex"],"_links":{"self":[{"href":"https:\/\/elinformante.mx\/index.php?rest_route=\/wp\/v2\/posts\/103933","targetHints":{"allow":["GET"]}}],"collection":[{"href":"https:\/\/elinformante.mx\/index.php?rest_route=\/wp\/v2\/posts"}],"about":[{"href":"https:\/\/elinformante.mx\/index.php?rest_route=\/wp\/v2\/types\/post"}],"author":[{"embeddable":true,"href":"https:\/\/elinformante.mx\/index.php?rest_route=\/wp\/v2\/users\/1"}],"replies":[{"embeddable":true,"href":"https:\/\/elinformante.mx\/index.php?rest_route=%2Fwp%2Fv2%2Fcomments&post=103933"}],"version-history":[{"count":0,"href":"https:\/\/elinformante.mx\/index.php?rest_route=\/wp\/v2\/posts\/103933\/revisions"}],"wp:featuredmedia":[{"embeddable":true,"href":"https:\/\/elinformante.mx\/index.php?rest_route=\/wp\/v2\/media\/103936"}],"wp:attachment":[{"href":"https:\/\/elinformante.mx\/index.php?rest_route=%2Fwp%2Fv2%2Fmedia&parent=103933"}],"wp:term":[{"taxonomy":"category","embeddable":true,"href":"https:\/\/elinformante.mx\/index.php?rest_route=%2Fwp%2Fv2%2Fcategories&post=103933"},{"taxonomy":"post_tag","embeddable":true,"href":"https:\/\/elinformante.mx\/index.php?rest_route=%2Fwp%2Fv2%2Ftags&post=103933"}],"curies":[{"name":"wp","href":"https:\/\/api.w.org\/{rel}","templated":true}]}}