{"id":103941,"date":"2026-04-27T05:21:04","date_gmt":"2026-04-27T11:21:04","guid":{"rendered":"https:\/\/elinformante.mx\/?p=103941"},"modified":"2026-04-27T05:21:11","modified_gmt":"2026-04-27T11:21:11","slug":"metepec-consolida-avances-en-seguridad-y-confianza-ciudadana","status":"publish","type":"post","link":"https:\/\/elinformante.mx\/?p=103941","title":{"rendered":"Metepec consolida avances en seguridad y confianza ciudadana"},"content":{"rendered":"\n<figure class=\"wp-block-pullquote\"><blockquote><p>Se\u00f1alaron que el municipio no figura en percepci\u00f3n de inseguridad de la ENSU 2026 del INEGI.<\/p><\/blockquote><\/figure>\n\n\n\n<p class=\"has-drop-cap\">El Gobierno Municipal de Metepec inform\u00f3 que el municipio no se encuentra incluido en el reporte de percepci\u00f3n de inseguridad de la Encuesta Nacional de Seguridad P\u00fablica Urbana (ENSU) 2026, elaborada por el INEGI, lo que refleja avances en materia de seguridad y confianza ciudadana.<br><\/p>\n\n\n\n<p>El presidente municipal, Fernando Flores Fern\u00e1ndez, destac\u00f3 que este resultado es consecuencia de una estrategia integral basada en la coordinaci\u00f3n interinstitucional, el fortalecimiento de la proximidad social y la implementaci\u00f3n de acciones permanentes de vigilancia y prevenci\u00f3n del delito.<br><\/p>\n\n\n\n<p>Se\u00f1al\u00f3 que la administraci\u00f3n municipal mantiene el compromiso de consolidar un entorno seguro para las familias, mediante pol\u00edticas p\u00fablicas orientadas a la protecci\u00f3n de la ciudadan\u00eda y la mejora continua de los servicios de seguridad.<br><\/p>\n\n\n\n<p>El Gobierno Municipal reiter\u00f3 que continuar\u00e1 trabajando de manera coordinada con autoridades estatales y federales para fortalecer la tranquilidad y el bienestar de la poblaci\u00f3n.<br><\/p>\n\n\n\n<figure class=\"wp-block-image size-large\"><img fetchpriority=\"high\" decoding=\"async\" width=\"1024\" height=\"506\" src=\"https:\/\/elinformante.mx\/wp-content\/uploads\/2026\/04\/11METEPEC-9-1024x506.jpg\" alt=\"\" class=\"wp-image-103946\" srcset=\"https:\/\/elinformante.mx\/wp-content\/uploads\/2026\/04\/11METEPEC-9-1024x506.jpg 1024w, https:\/\/elinformante.mx\/wp-content\/uploads\/2026\/04\/11METEPEC-9-300x148.jpg 300w, https:\/\/elinformante.mx\/wp-content\/uploads\/2026\/04\/11METEPEC-9-768x379.jpg 768w, https:\/\/elinformante.mx\/wp-content\/uploads\/2026\/04\/11METEPEC-9.jpg 1140w\" sizes=\"(max-width: 1024px) 100vw, 1024px\" \/><\/figure>\n\n\n\n<p>Durante el fin de semana el DIF Metepec celebr\u00f3 a las y los ni\u00f1os por el Dia del Ni\u00f1a y la Ni\u00f1a, llevando a cabo diversas jornadas recreativas dirigidas a ni\u00f1as y ni\u00f1os de la Procuradur\u00eda Municipal, el Centro de Integraci\u00f3n y Desarrollo (CID) y otras instituciones.<br><\/p>\n\n\n\n<p>Las actividades, encabezadas por la presidenta honoraria del DIF, Ira\u00ed Albarr\u00e1n, incluyeron din\u00e1micas l\u00fadicas, entrega de obsequios y espacios de convivencia dise\u00f1ados para fortalecer el desarrollo integral y el bienestar emocional de la ni\u00f1ez.<br><\/p>\n\n\n\n<p>El organismo destac\u00f3 que estas acciones forman parte de una estrategia institucional orientada a garantizar entornos seguros, promover valores y contribuir al desarrollo pleno de las ni\u00f1as y ni\u00f1os del municipio.<br><\/p>\n\n\n\n<p>El DIF Metepec refrend\u00f3 su compromiso de continuar impulsando programas y acciones que prioricen a la infancia como eje central del desarrollo social.<\/p>\n","protected":false},"excerpt":{"rendered":"<p>Se\u00f1alaron que el municipio no figura en percepci\u00f3n de inseguridad de la ENSU 2026 del INEGI. El Gobierno Municipal de Metepec inform\u00f3 que el municipio no se encuentra incluido en el reporte de percepci\u00f3n de inseguridad de la Encuesta Nacional de Seguridad P\u00fablica Urbana (ENSU) 2026, elaborada por el INEGI, lo que refleja avances en [&hellip;]<\/p>\n","protected":false},"author":1,"featured_media":103945,"comment_status":"closed","ping_status":"closed","sticky":false,"template":"","format":"standard","meta":{"footnotes":""},"categories":[30,36],"tags":[],"class_list":["post-103941","post","type-post","status-publish","format-standard","has-post-thumbnail","hentry","category-destacado","category-edomex"],"_links":{"self":[{"href":"https:\/\/elinformante.mx\/index.php?rest_route=\/wp\/v2\/posts\/103941","targetHints":{"allow":["GET"]}}],"collection":[{"href":"https:\/\/elinformante.mx\/index.php?rest_route=\/wp\/v2\/posts"}],"about":[{"href":"https:\/\/elinformante.mx\/index.php?rest_route=\/wp\/v2\/types\/post"}],"author":[{"embeddable":true,"href":"https:\/\/elinformante.mx\/index.php?rest_route=\/wp\/v2\/users\/1"}],"replies":[{"embeddable":true,"href":"https:\/\/elinformante.mx\/index.php?rest_route=%2Fwp%2Fv2%2Fcomments&post=103941"}],"version-history":[{"count":0,"href":"https:\/\/elinformante.mx\/index.php?rest_route=\/wp\/v2\/posts\/103941\/revisions"}],"wp:featuredmedia":[{"embeddable":true,"href":"https:\/\/elinformante.mx\/index.php?rest_route=\/wp\/v2\/media\/103945"}],"wp:attachment":[{"href":"https:\/\/elinformante.mx\/index.php?rest_route=%2Fwp%2Fv2%2Fmedia&parent=103941"}],"wp:term":[{"taxonomy":"category","embeddable":true,"href":"https:\/\/elinformante.mx\/index.php?rest_route=%2Fwp%2Fv2%2Fcategories&post=103941"},{"taxonomy":"post_tag","embeddable":true,"href":"https:\/\/elinformante.mx\/index.php?rest_route=%2Fwp%2Fv2%2Ftags&post=103941"}],"curies":[{"name":"wp","href":"https:\/\/api.w.org\/{rel}","templated":true}]}}