{"id":103955,"date":"2026-04-27T05:45:01","date_gmt":"2026-04-27T11:45:01","guid":{"rendered":"https:\/\/elinformante.mx\/?p=103955"},"modified":"2026-04-27T05:45:10","modified_gmt":"2026-04-27T11:45:10","slug":"toluca-realiza-celebracion-masiva-por-el-dia-de-la-nina-y-el-nino","status":"publish","type":"post","link":"https:\/\/elinformante.mx\/?p=103955","title":{"rendered":"Toluca realiza celebraci\u00f3n masiva por el D\u00eda de la Ni\u00f1a y el Ni\u00f1o"},"content":{"rendered":"\n<figure class=\"wp-block-pullquote\"><blockquote><p>M\u00e1s de 20 mil personas participaron en Mundo DIF Toluca en el Mercado Ju\u00e1rez<\/p><\/blockquote><\/figure>\n\n\n\n<p class=\"has-drop-cap\">El Gobierno Municipal de Toluca, encabezado por el presidente municipal Ricardo Moreno Bastida, en coordinaci\u00f3n con el Sistema Municipal DIF, llev\u00f3 a cabo la celebraci\u00f3n \u201cMundo DIF Toluca\u201d, que reuni\u00f3 a cerca de 20 mil personas en la explanada del Mercado Ju\u00e1rez, con motivo del D\u00eda de la Ni\u00f1a y el Ni\u00f1o.<br><\/p>\n\n\n\n<p>Durante la jornada, el edil y la presidenta del DIF municipal, Roc\u00edo Pegueros, recorrieron los distintos espacios instalados, supervisaron las actividades y convivieron con las familias asistentes, destacando la importancia de generar entornos de sano esparcimiento para la ni\u00f1ez toluque\u00f1a.<br><\/p>\n\n\n\n<figure class=\"wp-block-image size-large\"><img fetchpriority=\"high\" decoding=\"async\" width=\"1024\" height=\"506\" src=\"https:\/\/elinformante.mx\/wp-content\/uploads\/2026\/04\/8TOLUCA-5-1024x506.jpg\" alt=\"\" class=\"wp-image-103959\" srcset=\"https:\/\/elinformante.mx\/wp-content\/uploads\/2026\/04\/8TOLUCA-5-1024x506.jpg 1024w, https:\/\/elinformante.mx\/wp-content\/uploads\/2026\/04\/8TOLUCA-5-300x148.jpg 300w, https:\/\/elinformante.mx\/wp-content\/uploads\/2026\/04\/8TOLUCA-5-768x379.jpg 768w, https:\/\/elinformante.mx\/wp-content\/uploads\/2026\/04\/8TOLUCA-5.jpg 1140w\" sizes=\"(max-width: 1024px) 100vw, 1024px\" \/><\/figure>\n\n\n\n<p>El evento cont\u00f3 con una amplia oferta recreativa que incluy\u00f3 juegos mec\u00e1nicos, actividades l\u00fadicas, espect\u00e1culos infantiles, lucha libre, concursos y presentaciones culturales, as\u00ed como la entrega de juguetes para garantizar la participaci\u00f3n equitativa de las ni\u00f1as y ni\u00f1os.<br><\/p>\n\n\n\n<p>Asimismo, se instalaron m\u00f3dulos de adopci\u00f3n responsable de mascotas, as\u00ed como \u00e1reas de alimentos y servicios, lo que permiti\u00f3 la permanencia de las familias durante toda la jornada.<br><\/p>\n\n\n\n<figure class=\"wp-block-image size-large\"><img decoding=\"async\" width=\"1024\" height=\"506\" src=\"https:\/\/elinformante.mx\/wp-content\/uploads\/2026\/04\/8TOLUCA-4-1024x506.jpg\" alt=\"\" class=\"wp-image-103960\" srcset=\"https:\/\/elinformante.mx\/wp-content\/uploads\/2026\/04\/8TOLUCA-4-1024x506.jpg 1024w, https:\/\/elinformante.mx\/wp-content\/uploads\/2026\/04\/8TOLUCA-4-300x148.jpg 300w, https:\/\/elinformante.mx\/wp-content\/uploads\/2026\/04\/8TOLUCA-4-768x379.jpg 768w, https:\/\/elinformante.mx\/wp-content\/uploads\/2026\/04\/8TOLUCA-4.jpg 1140w\" sizes=\"(max-width: 1024px) 100vw, 1024px\" \/><\/figure>\n\n\n\n<p>El Gobierno Municipal subray\u00f3 que este tipo de actividades forma parte de una pol\u00edtica p\u00fablica orientada a la recuperaci\u00f3n de espacios p\u00fablicos, el fortalecimiento del tejido social y la promoci\u00f3n de los derechos de la infancia.<br><\/p>\n\n\n\n<p>La celebraci\u00f3n concluy\u00f3 con un espect\u00e1culo de pirotecnia, consolid\u00e1ndose como un evento de alta participaci\u00f3n ciudadana.<\/p>\n\n\n\n<figure class=\"wp-block-image size-large\"><img decoding=\"async\" width=\"1024\" height=\"506\" src=\"https:\/\/elinformante.mx\/wp-content\/uploads\/2026\/04\/8TOLUCA-2-1024x506.jpg\" alt=\"\" class=\"wp-image-103961\" srcset=\"https:\/\/elinformante.mx\/wp-content\/uploads\/2026\/04\/8TOLUCA-2-1024x506.jpg 1024w, https:\/\/elinformante.mx\/wp-content\/uploads\/2026\/04\/8TOLUCA-2-300x148.jpg 300w, https:\/\/elinformante.mx\/wp-content\/uploads\/2026\/04\/8TOLUCA-2-768x379.jpg 768w, https:\/\/elinformante.mx\/wp-content\/uploads\/2026\/04\/8TOLUCA-2.jpg 1140w\" sizes=\"(max-width: 1024px) 100vw, 1024px\" \/><\/figure>\n\n\n\n<figure class=\"wp-block-image size-large\"><img loading=\"lazy\" decoding=\"async\" width=\"1024\" height=\"506\" src=\"https:\/\/elinformante.mx\/wp-content\/uploads\/2026\/04\/8TOLUCA-1024x506.jpg\" alt=\"\" class=\"wp-image-103962\" srcset=\"https:\/\/elinformante.mx\/wp-content\/uploads\/2026\/04\/8TOLUCA-1024x506.jpg 1024w, https:\/\/elinformante.mx\/wp-content\/uploads\/2026\/04\/8TOLUCA-300x148.jpg 300w, https:\/\/elinformante.mx\/wp-content\/uploads\/2026\/04\/8TOLUCA-768x379.jpg 768w, https:\/\/elinformante.mx\/wp-content\/uploads\/2026\/04\/8TOLUCA.jpg 1140w\" sizes=\"(max-width: 1024px) 100vw, 1024px\" \/><\/figure>\n","protected":false},"excerpt":{"rendered":"<p>M\u00e1s de 20 mil personas participaron en Mundo DIF Toluca en el Mercado Ju\u00e1rez El Gobierno Municipal de Toluca, encabezado por el presidente municipal Ricardo Moreno Bastida, en coordinaci\u00f3n con el Sistema Municipal DIF, llev\u00f3 a cabo la celebraci\u00f3n \u201cMundo DIF Toluca\u201d, que reuni\u00f3 a cerca de 20 mil personas en la explanada del Mercado [&hellip;]<\/p>\n","protected":false},"author":1,"featured_media":103958,"comment_status":"closed","ping_status":"closed","sticky":false,"template":"","format":"standard","meta":{"footnotes":""},"categories":[30,36,31],"tags":[46],"class_list":["post-103955","post","type-post","status-publish","format-standard","has-post-thumbnail","hentry","category-destacado","category-edomex","category-portada","tag-portadaedomex"],"_links":{"self":[{"href":"https:\/\/elinformante.mx\/index.php?rest_route=\/wp\/v2\/posts\/103955","targetHints":{"allow":["GET"]}}],"collection":[{"href":"https:\/\/elinformante.mx\/index.php?rest_route=\/wp\/v2\/posts"}],"about":[{"href":"https:\/\/elinformante.mx\/index.php?rest_route=\/wp\/v2\/types\/post"}],"author":[{"embeddable":true,"href":"https:\/\/elinformante.mx\/index.php?rest_route=\/wp\/v2\/users\/1"}],"replies":[{"embeddable":true,"href":"https:\/\/elinformante.mx\/index.php?rest_route=%2Fwp%2Fv2%2Fcomments&post=103955"}],"version-history":[{"count":0,"href":"https:\/\/elinformante.mx\/index.php?rest_route=\/wp\/v2\/posts\/103955\/revisions"}],"wp:featuredmedia":[{"embeddable":true,"href":"https:\/\/elinformante.mx\/index.php?rest_route=\/wp\/v2\/media\/103958"}],"wp:attachment":[{"href":"https:\/\/elinformante.mx\/index.php?rest_route=%2Fwp%2Fv2%2Fmedia&parent=103955"}],"wp:term":[{"taxonomy":"category","embeddable":true,"href":"https:\/\/elinformante.mx\/index.php?rest_route=%2Fwp%2Fv2%2Fcategories&post=103955"},{"taxonomy":"post_tag","embeddable":true,"href":"https:\/\/elinformante.mx\/index.php?rest_route=%2Fwp%2Fv2%2Ftags&post=103955"}],"curies":[{"name":"wp","href":"https:\/\/api.w.org\/{rel}","templated":true}]}}