{"id":103957,"date":"2026-04-27T05:51:01","date_gmt":"2026-04-27T11:51:01","guid":{"rendered":"https:\/\/elinformante.mx\/?p=103957"},"modified":"2026-04-27T05:51:05","modified_gmt":"2026-04-27T11:51:05","slug":"luis-mendoza-impulsa-el-deporte-en-las-nuevas-generaciones-a-traves-del-mundialito-bj-2026","status":"publish","type":"post","link":"https:\/\/elinformante.mx\/?p=103957","title":{"rendered":"Luis Mendoza impulsa el deporte en las nuevas generaciones a trav\u00e9s del Mundialito BJ 2026"},"content":{"rendered":"\n<figure class=\"wp-block-pullquote\"><blockquote><p>Destac\u00f3 que este tipo de iniciativas buscan sembrar una verdadera cultura deportiva desde la infancia y consolidar a la demarcaci\u00f3n como un referente en impulso al deporte comunitario.<\/p><\/blockquote><\/figure>\n\n\n\n<p class=\"has-drop-cap\">Con el objetivo de fomentar el deporte como una herramienta de integraci\u00f3n social, sana convivencia y desarrollo para las infancias y juventudes, la alcald\u00eda Benito Ju\u00e1rez celebr\u00f3 con \u00e9xito el Mundialito BJ 2026, torneo que reuni\u00f3 a 335 participantes distribuidos en 38 equipos divididos en seis categor\u00edas que abarcaron edades de 6 a 15 a\u00f1os, incluyendo una femenil.<br><\/p>\n\n\n\n<p>El alcalde de Benito Ju\u00e1rez, Luis Mendoza, destac\u00f3 que este tipo de iniciativas buscan sembrar una verdadera cultura deportiva desde la infancia y consolidar a la demarcaci\u00f3n como un referente en impulso al deporte comunitario.<br><\/p>\n\n\n\n<p>Durante esta gran fiesta deportiva, ni\u00f1as, ni\u00f1os y adolescentes vivieron una experiencia de competencia sana, compa\u00f1erismo y trabajo en equipo, fortaleciendo valores fundamentales como la disciplina, el respeto y la perseverancia dentro y fuera de la cancha.<br><\/p>\n\n\n\n<p>Como reconocimiento a su entusiasmo y compromiso, todas y todos los participantes recibieron un diploma por formar parte de esta edici\u00f3n del torneo y se entregaron siete trofeos a los equipos destacados en las distintas categor\u00edas.<br><\/p>\n\n\n\n<p>Tambi\u00e9n se entreg\u00f3 un reconocimiento especial a Jos\u00e9 Luis \u2018El Pareja\u2019 L\u00f3pez, quien se sum\u00f3 a la jornada y destac\u00f3 el esfuerzo institucional por fortalecer el deporte formativo en Benito Ju\u00e1rez.<br><\/p>\n\n\n\n<p>Dentro de esta celebraci\u00f3n, familias enteras se dieron cita en la explanada principal de la demarcaci\u00f3n, donde disfrutaron de actividades recreativas y culturales, entre ellas un cuentacuentos y diversos n\u00fameros musicales que llenaron el espacio de alegr\u00eda, entusiasmo y convivencia familiar.<br><\/p>\n\n\n\n<p>Para cerrar con broche de oro, se llev\u00f3 a cabo una espectacular funci\u00f3n de lucha libre con la participaci\u00f3n de destacados elementos de Lucha Libre AAA Worldwide, quienes hicieron vibrar de emoci\u00f3n a chicos y grandes, haciendo de esta ocasi\u00f3n una jornada memorable que reafirma a Benito Ju\u00e1rez como una alcald\u00eda donde el deporte, la cultura y el espacio p\u00fablico se viven en comunidad.<\/p>\n","protected":false},"excerpt":{"rendered":"<p>Destac\u00f3 que este tipo de iniciativas buscan sembrar una verdadera cultura deportiva desde la infancia y consolidar a la demarcaci\u00f3n como un referente en impulso al deporte comunitario. Con el objetivo de fomentar el deporte como una herramienta de integraci\u00f3n social, sana convivencia y desarrollo para las infancias y juventudes, la alcald\u00eda Benito Ju\u00e1rez celebr\u00f3 [&hellip;]<\/p>\n","protected":false},"author":1,"featured_media":103964,"comment_status":"closed","ping_status":"closed","sticky":false,"template":"","format":"standard","meta":{"footnotes":""},"categories":[35],"tags":[],"class_list":["post-103957","post","type-post","status-publish","format-standard","has-post-thumbnail","hentry","category-cdmx"],"_links":{"self":[{"href":"https:\/\/elinformante.mx\/index.php?rest_route=\/wp\/v2\/posts\/103957","targetHints":{"allow":["GET"]}}],"collection":[{"href":"https:\/\/elinformante.mx\/index.php?rest_route=\/wp\/v2\/posts"}],"about":[{"href":"https:\/\/elinformante.mx\/index.php?rest_route=\/wp\/v2\/types\/post"}],"author":[{"embeddable":true,"href":"https:\/\/elinformante.mx\/index.php?rest_route=\/wp\/v2\/users\/1"}],"replies":[{"embeddable":true,"href":"https:\/\/elinformante.mx\/index.php?rest_route=%2Fwp%2Fv2%2Fcomments&post=103957"}],"version-history":[{"count":0,"href":"https:\/\/elinformante.mx\/index.php?rest_route=\/wp\/v2\/posts\/103957\/revisions"}],"wp:featuredmedia":[{"embeddable":true,"href":"https:\/\/elinformante.mx\/index.php?rest_route=\/wp\/v2\/media\/103964"}],"wp:attachment":[{"href":"https:\/\/elinformante.mx\/index.php?rest_route=%2Fwp%2Fv2%2Fmedia&parent=103957"}],"wp:term":[{"taxonomy":"category","embeddable":true,"href":"https:\/\/elinformante.mx\/index.php?rest_route=%2Fwp%2Fv2%2Fcategories&post=103957"},{"taxonomy":"post_tag","embeddable":true,"href":"https:\/\/elinformante.mx\/index.php?rest_route=%2Fwp%2Fv2%2Ftags&post=103957"}],"curies":[{"name":"wp","href":"https:\/\/api.w.org\/{rel}","templated":true}]}}