{"id":103967,"date":"2026-04-27T05:59:37","date_gmt":"2026-04-27T11:59:37","guid":{"rendered":"https:\/\/elinformante.mx\/?p=103967"},"modified":"2026-04-27T06:00:54","modified_gmt":"2026-04-27T12:00:54","slug":"la-operacion-del-tren-suburbano-consolida-el-modelo-de-movilidad-en-la-zmvm-clara-brugada","status":"publish","type":"post","link":"https:\/\/elinformante.mx\/?p=103967","title":{"rendered":"La operaci\u00f3n del Tren Suburbano consolida el modelo de movilidad en la ZMVM: Clara Brugada"},"content":{"rendered":"\n<figure class=\"wp-block-pullquote\"><blockquote><p>Con la extensi\u00f3n del servicio al AIFA, y pr\u00f3ximamente a Pachuca, se articula la movilidad de la zona metropolitana del Valle de M\u00e9xico<\/p><\/blockquote><\/figure>\n\n\n\n<p class=\"has-drop-cap\">La Jefa de Gobierno de la Ciudad de M\u00e9xico, Clara Brugada Molina, acompa\u00f1\u00f3 a la presidenta de M\u00e9xico, Claudia Sheinbaum Pardo, a la inauguraci\u00f3n del ramal del Tren Suburbano que correr\u00e1 de la estaci\u00f3n Buenavista, en la Ciudad de M\u00e9xico, al Aeropuerto Internacional Felipe \u00c1ngeles (AIFA), en el municipio de Zumpango, Estado de M\u00e9xico, el cual se convierte en uno de los transportes m\u00e1s importantes a nivel metropolitano.<br><\/p>\n\n\n\n<p>Luego de recorrer de punta a punta esta nueva ruta, en compa\u00f1\u00eda de la mandataria federal, Brugada Molina afirm\u00f3 que la puesta en marcha del nuevo tramo constituye una infraestructura estrat\u00e9gica para articular la Zona Metropolitana del Valle de M\u00e9xico, que concentra a m\u00e1s de 20 millones de personas y una cuarta parte del Producto Interno Bruto (PIB) nacional.<br><\/p>\n\n\n\n<p>\u201cEstoy convencida que esta gran obra va a transformar a esta zona metropolitana en una de las m\u00e1s competitivas del mundo; va a consolidar a Buenavista, en la Ciudad de M\u00e9xico, como la estaci\u00f3n ferroviaria de la ciudad\u201d, expres\u00f3 al subrayar que este punto se convertir\u00e1 en un nodo del cual partir\u00e1n rutas hacia el norte del pa\u00eds; al tiempo que facilitar\u00e1 la conexi\u00f3n con transportes locales como Metro, Metrob\u00fas, autobuses el\u00e9ctricos y Ecobici.<br><\/p>\n\n\n\n<p>Reiter\u00f3 que con la puesta en marcha del nuevo ramal del Tren Suburbano se avanza hacia un esquema de movilidad multimodal que mejora la conectividad entre la Ciudad de M\u00e9xico, el Estado de M\u00e9xico y el AIFA.<br><\/p>\n\n\n\n<p>Brugada Molina enmarc\u00f3 la obra dentro de una transformaci\u00f3n m\u00e1s amplia, impulsada por la presidenta Claudia Sheinbaum, que incluye proyectos como el troleb\u00fas elevado Chalco\u2013Ciudad de M\u00e9xico y el tren \u201cEl Insurgente\u201d, pues se\u00f1al\u00f3 que, tras d\u00e9cadas de diagn\u00f3sticos sobre la necesidad de una movilidad integrada, los gobiernos de la Cuarta Transformaci\u00f3n est\u00e1n concretando estas soluciones.<br><\/p>\n\n\n\n<p>Resalt\u00f3 que el nuevo ramal ferroviario fortalece la conectividad nacional e internacional de la capital con el resto del pa\u00eds a trav\u00e9s de un sistema aeroportuario metropolitano, compuesto por los Aeropuertos Internacionales de la Ciudad de M\u00e9xico (AICM), Felipe \u00c1ngeles (AIFA) y el de Toluca, un modelo que sustituye la centralizaci\u00f3n que representaba el proyecto de la terminal aeroportuaria de Texcoco.<br><\/p>\n\n\n\n<p>Celebr\u00f3 que la visi\u00f3n de movilidad integrada, impulsada desde la capital, se est\u00e9 replicando a nivel nacional y se convierta en un eje de desarrollo para el pa\u00eds.<br><\/p>\n\n\n\n<p>El director general de la Agencia de Trenes y Transporte P\u00fablico Integrado, Andr\u00e9s Lajous, detall\u00f3 que el recorrido de la Terminal Buenavista al AIFA contempla 41 kil\u00f3metros \u201318 km de Buenavista a Lecher\u00eda y 23 de Lecher\u00eda al AIFA\u2014, dos terminales y 10 estaciones. Estimo que el recorrido se realice en 43 minutos, a una velocidad promedio de 65 km\/h y m\u00e1xima de 130 km\/h.<\/p>\n","protected":false},"excerpt":{"rendered":"<p>Con la extensi\u00f3n del servicio al AIFA, y pr\u00f3ximamente a Pachuca, se articula la movilidad de la zona metropolitana del Valle de M\u00e9xico La Jefa de Gobierno de la Ciudad de M\u00e9xico, Clara Brugada Molina, acompa\u00f1\u00f3 a la presidenta de M\u00e9xico, Claudia Sheinbaum Pardo, a la inauguraci\u00f3n del ramal del Tren Suburbano que correr\u00e1 de [&hellip;]<\/p>\n","protected":false},"author":1,"featured_media":103970,"comment_status":"closed","ping_status":"closed","sticky":false,"template":"","format":"standard","meta":{"footnotes":""},"categories":[35,30],"tags":[],"class_list":["post-103967","post","type-post","status-publish","format-standard","has-post-thumbnail","hentry","category-cdmx","category-destacado"],"_links":{"self":[{"href":"https:\/\/elinformante.mx\/index.php?rest_route=\/wp\/v2\/posts\/103967","targetHints":{"allow":["GET"]}}],"collection":[{"href":"https:\/\/elinformante.mx\/index.php?rest_route=\/wp\/v2\/posts"}],"about":[{"href":"https:\/\/elinformante.mx\/index.php?rest_route=\/wp\/v2\/types\/post"}],"author":[{"embeddable":true,"href":"https:\/\/elinformante.mx\/index.php?rest_route=\/wp\/v2\/users\/1"}],"replies":[{"embeddable":true,"href":"https:\/\/elinformante.mx\/index.php?rest_route=%2Fwp%2Fv2%2Fcomments&post=103967"}],"version-history":[{"count":0,"href":"https:\/\/elinformante.mx\/index.php?rest_route=\/wp\/v2\/posts\/103967\/revisions"}],"wp:featuredmedia":[{"embeddable":true,"href":"https:\/\/elinformante.mx\/index.php?rest_route=\/wp\/v2\/media\/103970"}],"wp:attachment":[{"href":"https:\/\/elinformante.mx\/index.php?rest_route=%2Fwp%2Fv2%2Fmedia&parent=103967"}],"wp:term":[{"taxonomy":"category","embeddable":true,"href":"https:\/\/elinformante.mx\/index.php?rest_route=%2Fwp%2Fv2%2Fcategories&post=103967"},{"taxonomy":"post_tag","embeddable":true,"href":"https:\/\/elinformante.mx\/index.php?rest_route=%2Fwp%2Fv2%2Ftags&post=103967"}],"curies":[{"name":"wp","href":"https:\/\/api.w.org\/{rel}","templated":true}]}}