{"id":103969,"date":"2026-04-27T06:03:52","date_gmt":"2026-04-27T12:03:52","guid":{"rendered":"https:\/\/elinformante.mx\/?p=103969"},"modified":"2026-04-27T06:04:00","modified_gmt":"2026-04-27T12:04:00","slug":"marina-del-pilar-condona-adeudos-de-agua-a-familias-en-situacion-de-pobreza","status":"publish","type":"post","link":"https:\/\/elinformante.mx\/?p=103969","title":{"rendered":"Marina del Pilar condona adeudos de agua a familias en situaci\u00f3n de pobreza"},"content":{"rendered":"\n<figure class=\"wp-block-pullquote\"><blockquote><p>Con esta decisi\u00f3n, indic\u00f3, se impulsa una acci\u00f3n directa para aliviar la econom\u00eda familiar y brindar certeza a quienes m\u00e1s lo necesitan.<\/p><\/blockquote><\/figure>\n\n\n\n<p class=\"has-drop-cap\">Como parte de una pol\u00edtica social enfocada en la justicia y el bienestar para las familias, la gobernadora Marina del Pilar Avila Olmeda decret\u00f3 la condonaci\u00f3n del 100 por ciento de los adeudos por servicio dom\u00e9stico de agua potable para personas en situaci\u00f3n de pobreza y grupos prioritarios, reafirmando su compromiso con el acceso al agua como un derecho humano.<br><\/p>\n\n\n\n<p>Con esta decisi\u00f3n, indic\u00f3, se impulsa una acci\u00f3n directa para aliviar la econom\u00eda familiar y brindar certeza a quienes m\u00e1s lo necesitan, beneficiando a personas mayores de 60 a\u00f1os en situaci\u00f3n de vulnerabilidad, viudas mayores de 50 a\u00f1os, jefas y jefes de familia con hijas o hijos menores, personas con discapacidad, as\u00ed como jubiladas y pensionadas.<br><\/p>\n\n\n\n<p>Como parte de este esfuerzo integral, el Gobierno del Estado tambi\u00e9n determin\u00f3 la condonaci\u00f3n del 75 por ciento en recargos y del 100 por ciento en multas para usuarias y usuarios de servicios comerciales y no dom\u00e9sticos, ampliando el impacto de esta medida.<br><\/p>\n\n\n\n<p>El titular de la Secretar\u00eda para el Manejo, Saneamiento y Protecci\u00f3n del Agua, V\u00edctor Daniel Amador Barrag\u00e1n, inform\u00f3 que la condonaci\u00f3n aplica a adeudos generados hasta el momento del pago, por lo que invit\u00f3 a las y los beneficiarios a acudir a las comisiones del agua en su municipio correspondiente, o consultar sus plataformas digitales para regularizar su situaci\u00f3n.<br><\/p>\n\n\n\n<p>Precis\u00f3 que este beneficio estar\u00e1 vigente hasta el 30 de noviembre del presente a\u00f1o, por lo que se exhorta a aprovechar esta acci\u00f3n impulsada por la Gobernadora Marina del Pilar.<\/p>\n","protected":false},"excerpt":{"rendered":"<p>Con esta decisi\u00f3n, indic\u00f3, se impulsa una acci\u00f3n directa para aliviar la econom\u00eda familiar y brindar certeza a quienes m\u00e1s lo necesitan. Como parte de una pol\u00edtica social enfocada en la justicia y el bienestar para las familias, la gobernadora Marina del Pilar Avila Olmeda decret\u00f3 la condonaci\u00f3n del 100 por ciento de los adeudos [&hellip;]<\/p>\n","protected":false},"author":1,"featured_media":103972,"comment_status":"closed","ping_status":"closed","sticky":false,"template":"","format":"standard","meta":{"footnotes":""},"categories":[34],"tags":[],"class_list":["post-103969","post","type-post","status-publish","format-standard","has-post-thumbnail","hentry","category-nacional"],"_links":{"self":[{"href":"https:\/\/elinformante.mx\/index.php?rest_route=\/wp\/v2\/posts\/103969","targetHints":{"allow":["GET"]}}],"collection":[{"href":"https:\/\/elinformante.mx\/index.php?rest_route=\/wp\/v2\/posts"}],"about":[{"href":"https:\/\/elinformante.mx\/index.php?rest_route=\/wp\/v2\/types\/post"}],"author":[{"embeddable":true,"href":"https:\/\/elinformante.mx\/index.php?rest_route=\/wp\/v2\/users\/1"}],"replies":[{"embeddable":true,"href":"https:\/\/elinformante.mx\/index.php?rest_route=%2Fwp%2Fv2%2Fcomments&post=103969"}],"version-history":[{"count":0,"href":"https:\/\/elinformante.mx\/index.php?rest_route=\/wp\/v2\/posts\/103969\/revisions"}],"wp:featuredmedia":[{"embeddable":true,"href":"https:\/\/elinformante.mx\/index.php?rest_route=\/wp\/v2\/media\/103972"}],"wp:attachment":[{"href":"https:\/\/elinformante.mx\/index.php?rest_route=%2Fwp%2Fv2%2Fmedia&parent=103969"}],"wp:term":[{"taxonomy":"category","embeddable":true,"href":"https:\/\/elinformante.mx\/index.php?rest_route=%2Fwp%2Fv2%2Fcategories&post=103969"},{"taxonomy":"post_tag","embeddable":true,"href":"https:\/\/elinformante.mx\/index.php?rest_route=%2Fwp%2Fv2%2Ftags&post=103969"}],"curies":[{"name":"wp","href":"https:\/\/api.w.org\/{rel}","templated":true}]}}