{"id":103971,"date":"2026-04-27T06:07:27","date_gmt":"2026-04-27T12:07:27","guid":{"rendered":"https:\/\/elinformante.mx\/?p=103971"},"modified":"2026-04-27T06:07:34","modified_gmt":"2026-04-27T12:07:34","slug":"mara-lezama-fortalece-la-estrategia-para-proteger-ecosistemas-en-areas-naturales-protegidas","status":"publish","type":"post","link":"https:\/\/elinformante.mx\/?p=103971","title":{"rendered":"Mara Lezama fortalece la estrategia para proteger ecosistemas en \u00c1reas Naturales Protegidas"},"content":{"rendered":"\n<figure class=\"wp-block-pullquote\"><blockquote><p>La gobernadora acuerda fortalecer las acciones para la protecci\u00f3n de la riqueza natural, herencia para las pr\u00f3ximas generaciones.<\/p><\/blockquote><\/figure>\n\n\n\n<p class=\"has-drop-cap\">La gobernadora Mara Lezama Espinosa sostuvo una reuni\u00f3n de trabajo con el titular de la Comisi\u00f3n Nacional de \u00c1reas Naturales Protegidas (CONANP) Pedro \u00c1lvarez Icaza, para consolidar una estrategia conjunta orientada a la protecci\u00f3n, conservaci\u00f3n y restauraci\u00f3n de los ecosistemas prioritarios de Quintana Roo, tanto dentro como fuera de las \u00c1reas Naturales Protegidas.<br><\/p>\n\n\n\n<p>Durante el encuentro se revisaron acciones para fortalecer la vigilancia ambiental, impulsar programas de restauraci\u00f3n ecol\u00f3gica, atender zonas de presi\u00f3n urbana y frenar el deterioro de manglares, humedales, selvas y arrecifes, que es prioridad en el Nuevo Acuerdo por el Bienestar y Desarrollo de Quintana Roo.<br><\/p>\n\n\n\n<p>Quintana Roo mantiene hoy un liderazgo nacional en conservaci\u00f3n, al contar con m\u00e1s del 30% de su territorio bajo alguna categor\u00eda de protecci\u00f3n ambiental, superando incluso la meta internacional 30\u00d730 de biodiversidad.<br><\/p>\n\n\n\n<p>Asimismo, el estado alberga uno de los patrimonios naturales m\u00e1s importantes del pa\u00eds, con sistemas arrecifales, manglares, selvas tropicales, humedales y corredores biol\u00f3gicos fundamentales para la captaci\u00f3n de agua, la resiliencia clim\u00e1tica y la actividad tur\u00edstica.<br><\/p>\n\n\n\n<p>Mara Lezama y \u00c1lvarez Icaza acordaron avanzar en una visi\u00f3n de conservaci\u00f3n territorial m\u00e1s amplia, que no solo fortalezca las ANP existentes, sino que tambi\u00e9n permita intervenir en zonas de amortiguamiento, \u00e1reas de recarga h\u00eddrica y ecosistemas estrat\u00e9gicos hoy amenazados por el crecimiento irregular.<br><\/p>\n\n\n\n<p>Con esto, este gobierno diferente, humanista con coraz\u00f3n feminista, protege su entorno natural como base del bienestar, el desarrollo y el futuro ambiental de las pr\u00f3ximas generaciones.<\/p>\n","protected":false},"excerpt":{"rendered":"<p>La gobernadora acuerda fortalecer las acciones para la protecci\u00f3n de la riqueza natural, herencia para las pr\u00f3ximas generaciones. La gobernadora Mara Lezama Espinosa sostuvo una reuni\u00f3n de trabajo con el titular de la Comisi\u00f3n Nacional de \u00c1reas Naturales Protegidas (CONANP) Pedro \u00c1lvarez Icaza, para consolidar una estrategia conjunta orientada a la protecci\u00f3n, conservaci\u00f3n y restauraci\u00f3n [&hellip;]<\/p>\n","protected":false},"author":1,"featured_media":103974,"comment_status":"closed","ping_status":"closed","sticky":false,"template":"","format":"standard","meta":{"footnotes":""},"categories":[30,34],"tags":[],"class_list":["post-103971","post","type-post","status-publish","format-standard","has-post-thumbnail","hentry","category-destacado","category-nacional"],"_links":{"self":[{"href":"https:\/\/elinformante.mx\/index.php?rest_route=\/wp\/v2\/posts\/103971","targetHints":{"allow":["GET"]}}],"collection":[{"href":"https:\/\/elinformante.mx\/index.php?rest_route=\/wp\/v2\/posts"}],"about":[{"href":"https:\/\/elinformante.mx\/index.php?rest_route=\/wp\/v2\/types\/post"}],"author":[{"embeddable":true,"href":"https:\/\/elinformante.mx\/index.php?rest_route=\/wp\/v2\/users\/1"}],"replies":[{"embeddable":true,"href":"https:\/\/elinformante.mx\/index.php?rest_route=%2Fwp%2Fv2%2Fcomments&post=103971"}],"version-history":[{"count":0,"href":"https:\/\/elinformante.mx\/index.php?rest_route=\/wp\/v2\/posts\/103971\/revisions"}],"wp:featuredmedia":[{"embeddable":true,"href":"https:\/\/elinformante.mx\/index.php?rest_route=\/wp\/v2\/media\/103974"}],"wp:attachment":[{"href":"https:\/\/elinformante.mx\/index.php?rest_route=%2Fwp%2Fv2%2Fmedia&parent=103971"}],"wp:term":[{"taxonomy":"category","embeddable":true,"href":"https:\/\/elinformante.mx\/index.php?rest_route=%2Fwp%2Fv2%2Fcategories&post=103971"},{"taxonomy":"post_tag","embeddable":true,"href":"https:\/\/elinformante.mx\/index.php?rest_route=%2Fwp%2Fv2%2Ftags&post=103971"}],"curies":[{"name":"wp","href":"https:\/\/api.w.org\/{rel}","templated":true}]}}