{"id":103975,"date":"2026-04-27T06:13:04","date_gmt":"2026-04-27T12:13:04","guid":{"rendered":"https:\/\/elinformante.mx\/?p=103975"},"modified":"2026-04-27T06:13:41","modified_gmt":"2026-04-27T12:13:41","slug":"sin-prorroga-gobierno-impulsa-registro-obligatorio-de-lineas-moviles","status":"publish","type":"post","link":"https:\/\/elinformante.mx\/?p=103975","title":{"rendered":"\u00a1Sin pr\u00f3rroga! Gobierno impulsa registro obligatorio de l\u00edneas m\u00f3viles"},"content":{"rendered":"\n<figure class=\"wp-block-pullquote\"><blockquote><p>Autoridades llaman a la ciudadan\u00eda a completar el tr\u00e1mite antes del 30 de junio de 2026.<\/p><\/blockquote><\/figure>\n\n\n\n<p class=\"has-drop-cap\">El Gobierno de M\u00e9xico, encabezado por la presidenta Claudia Sheinbaum, inform\u00f3 que no habr\u00e1 pr\u00f3rroga para el registro obligatorio de l\u00edneas telef\u00f3nicas m\u00f3viles, el cual deber\u00e1 completarse a m\u00e1s tardar el 30 de junio de 2026.<br><\/p>\n\n\n\n<p>De acuerdo con la Comisi\u00f3n Reguladora de Telecomunicaciones, a partir del 1 de julio de 2026 las l\u00edneas que no est\u00e9n vinculadas a una persona mediante la Clave \u00danica de Registro de Poblaci\u00f3n (CURP) ser\u00e1n suspendidas en sus funciones principales.<br><\/p>\n\n\n\n<p>Hasta el 19 de abril, se han registrado m\u00e1s de 30 millones de l\u00edneas, de un universo superior a 130 millones a nivel nacional, por lo que autoridades federales y empresas del sector implementaron la campa\u00f1a \u201cRegistra tu l\u00ednea\u201d para agilizar el proceso.<br><\/p>\n\n\n\n<p>El registro consiste en vincular cada n\u00famero telef\u00f3nico con su titular, mediante datos b\u00e1sicos como nombre y CURP, sin requerir informaci\u00f3n biom\u00e9trica. El tr\u00e1mite es gratuito y puede realizarse en l\u00ednea o en centros de atenci\u00f3n de los operadores.<br><\/p>\n\n\n\n<p>Las l\u00edneas que no cumplan con este requisito no perder\u00e1n su n\u00famero; sin embargo, quedar\u00e1n limitadas a llamadas de emergencia y recepci\u00f3n de alertas oficiales, hasta que se complete el proceso de registro.<br><\/p>\n\n\n\n<p>Autoridades se\u00f1alaron que esta medida tiene como objetivo fortalecer la seguridad, reducir el anonimato en comunicaciones y facilitar la investigaci\u00f3n de delitos como extorsi\u00f3n y fraude telef\u00f3nico, garantizando al mismo tiempo la protecci\u00f3n de datos personales bajo los marcos legales vigentes.<\/p>\n","protected":false},"excerpt":{"rendered":"<p>Autoridades llaman a la ciudadan\u00eda a completar el tr\u00e1mite antes del 30 de junio de 2026. El Gobierno de M\u00e9xico, encabezado por la presidenta Claudia Sheinbaum, inform\u00f3 que no habr\u00e1 pr\u00f3rroga para el registro obligatorio de l\u00edneas telef\u00f3nicas m\u00f3viles, el cual deber\u00e1 completarse a m\u00e1s tardar el 30 de junio de 2026. De acuerdo con [&hellip;]<\/p>\n","protected":false},"author":1,"featured_media":103978,"comment_status":"closed","ping_status":"closed","sticky":false,"template":"","format":"standard","meta":{"footnotes":""},"categories":[30,34],"tags":[],"class_list":["post-103975","post","type-post","status-publish","format-standard","has-post-thumbnail","hentry","category-destacado","category-nacional"],"_links":{"self":[{"href":"https:\/\/elinformante.mx\/index.php?rest_route=\/wp\/v2\/posts\/103975","targetHints":{"allow":["GET"]}}],"collection":[{"href":"https:\/\/elinformante.mx\/index.php?rest_route=\/wp\/v2\/posts"}],"about":[{"href":"https:\/\/elinformante.mx\/index.php?rest_route=\/wp\/v2\/types\/post"}],"author":[{"embeddable":true,"href":"https:\/\/elinformante.mx\/index.php?rest_route=\/wp\/v2\/users\/1"}],"replies":[{"embeddable":true,"href":"https:\/\/elinformante.mx\/index.php?rest_route=%2Fwp%2Fv2%2Fcomments&post=103975"}],"version-history":[{"count":0,"href":"https:\/\/elinformante.mx\/index.php?rest_route=\/wp\/v2\/posts\/103975\/revisions"}],"wp:featuredmedia":[{"embeddable":true,"href":"https:\/\/elinformante.mx\/index.php?rest_route=\/wp\/v2\/media\/103978"}],"wp:attachment":[{"href":"https:\/\/elinformante.mx\/index.php?rest_route=%2Fwp%2Fv2%2Fmedia&parent=103975"}],"wp:term":[{"taxonomy":"category","embeddable":true,"href":"https:\/\/elinformante.mx\/index.php?rest_route=%2Fwp%2Fv2%2Fcategories&post=103975"},{"taxonomy":"post_tag","embeddable":true,"href":"https:\/\/elinformante.mx\/index.php?rest_route=%2Fwp%2Fv2%2Ftags&post=103975"}],"curies":[{"name":"wp","href":"https:\/\/api.w.org\/{rel}","templated":true}]}}