{"id":103979,"date":"2026-04-27T06:20:06","date_gmt":"2026-04-27T12:20:06","guid":{"rendered":"https:\/\/elinformante.mx\/?p=103979"},"modified":"2026-04-27T06:20:12","modified_gmt":"2026-04-27T12:20:12","slug":"ernestina-godoy-presentara-su-plan-de-procuracion-de-justicia-en-el-senado","status":"publish","type":"post","link":"https:\/\/elinformante.mx\/?p=103979","title":{"rendered":"Ernestina Godoy presentar\u00e1 su Plan de Procuraci\u00f3n de Justicia en el Senado"},"content":{"rendered":"\n<figure class=\"wp-block-pullquote\"><blockquote><p>El documento ser\u00e1 analizado por el Senado como parte de la agenda legislativa de la semana.<\/p><\/blockquote><\/figure>\n\n\n\n<p class=\"has-drop-cap\">La titular de la Fiscal\u00eda General de la Rep\u00fablica, Ernestina Godoy Ramos, presentar\u00e1 ante el Senado de la Rep\u00fablica el Plan Estrat\u00e9gico de Procuraci\u00f3n de Justicia 2026-2030, en el marco de una reuni\u00f3n de trabajo con la Comisi\u00f3n de Justicia.<br><\/p>\n\n\n\n<p>De acuerdo con la presidenta del Senado, Laura Itzel Castillo Ju\u00e1rez, el documento ser\u00e1 dictaminado por la comisi\u00f3n correspondiente y se prev\u00e9 su discusi\u00f3n y eventual aprobaci\u00f3n en el Pleno en los pr\u00f3ximos d\u00edas.<br><\/p>\n\n\n\n<p>Como parte de la agenda legislativa, el Senado tambi\u00e9n sostendr\u00e1 reuniones con diversas autoridades federales, entre ellas la gobernadora del Banco de M\u00e9xico, Victoria Rodr\u00edguez Ceja, quien presentar\u00e1 su informe anual ante la Comisi\u00f3n de Hacienda.<br><\/p>\n\n\n\n<p>Asimismo, se contempla el an\u00e1lisis de temas prioritarios como seguridad, reforma en materia de feminicidios y la revisi\u00f3n de marcos normativos internos del Senado.<br><\/p>\n\n\n\n<p>La agenda incluye adem\u00e1s encuentros con autoridades estatales para abordar temas de seguridad y cooperaci\u00f3n institucional, as\u00ed como la integraci\u00f3n de la Comisi\u00f3n Permanente que operar\u00e1 durante el pr\u00f3ximo periodo de receso legislativo.<\/p>\n","protected":false},"excerpt":{"rendered":"<p>El documento ser\u00e1 analizado por el Senado como parte de la agenda legislativa de la semana. La titular de la Fiscal\u00eda General de la Rep\u00fablica, Ernestina Godoy Ramos, presentar\u00e1 ante el Senado de la Rep\u00fablica el Plan Estrat\u00e9gico de Procuraci\u00f3n de Justicia 2026-2030, en el marco de una reuni\u00f3n de trabajo con la Comisi\u00f3n de [&hellip;]<\/p>\n","protected":false},"author":1,"featured_media":103982,"comment_status":"closed","ping_status":"closed","sticky":false,"template":"","format":"standard","meta":{"footnotes":""},"categories":[30,34,31],"tags":[],"class_list":["post-103979","post","type-post","status-publish","format-standard","has-post-thumbnail","hentry","category-destacado","category-nacional","category-portada"],"_links":{"self":[{"href":"https:\/\/elinformante.mx\/index.php?rest_route=\/wp\/v2\/posts\/103979","targetHints":{"allow":["GET"]}}],"collection":[{"href":"https:\/\/elinformante.mx\/index.php?rest_route=\/wp\/v2\/posts"}],"about":[{"href":"https:\/\/elinformante.mx\/index.php?rest_route=\/wp\/v2\/types\/post"}],"author":[{"embeddable":true,"href":"https:\/\/elinformante.mx\/index.php?rest_route=\/wp\/v2\/users\/1"}],"replies":[{"embeddable":true,"href":"https:\/\/elinformante.mx\/index.php?rest_route=%2Fwp%2Fv2%2Fcomments&post=103979"}],"version-history":[{"count":0,"href":"https:\/\/elinformante.mx\/index.php?rest_route=\/wp\/v2\/posts\/103979\/revisions"}],"wp:featuredmedia":[{"embeddable":true,"href":"https:\/\/elinformante.mx\/index.php?rest_route=\/wp\/v2\/media\/103982"}],"wp:attachment":[{"href":"https:\/\/elinformante.mx\/index.php?rest_route=%2Fwp%2Fv2%2Fmedia&parent=103979"}],"wp:term":[{"taxonomy":"category","embeddable":true,"href":"https:\/\/elinformante.mx\/index.php?rest_route=%2Fwp%2Fv2%2Fcategories&post=103979"},{"taxonomy":"post_tag","embeddable":true,"href":"https:\/\/elinformante.mx\/index.php?rest_route=%2Fwp%2Fv2%2Ftags&post=103979"}],"curies":[{"name":"wp","href":"https:\/\/api.w.org\/{rel}","templated":true}]}}