{"id":103981,"date":"2026-04-27T06:24:11","date_gmt":"2026-04-27T12:24:11","guid":{"rendered":"https:\/\/elinformante.mx\/?p=103981"},"modified":"2026-04-27T06:24:14","modified_gmt":"2026-04-27T12:24:14","slug":"claudia-sheinbaum-y-delfina-gomez-inauguran-el-tren-felipe-angeles-en-su-tramo-buenavista-aifa","status":"publish","type":"post","link":"https:\/\/elinformante.mx\/?p=103981","title":{"rendered":"CLAUDIA SHEINBAUM Y DELFINA G\u00d3MEZ INAUGURAN EL TREN \u201cFELIPE \u00c1NGELES\u201d EN SU TRAMO BUENAVISTA-AIFA"},"content":{"rendered":"\n<figure class=\"wp-block-pullquote\"><blockquote><p>La obra beneficiar\u00e1 a m\u00e1s de 799 mil habitantes y movilizar\u00e1 hasta 80 mil pasajeros diarios en la Zona Metropolitana del Valle de M\u00e9xico.<\/p><\/blockquote><\/figure>\n\n\n\n<p class=\"has-drop-cap\">La presidenta de M\u00e9xico, Claudia Sheinbaum Pardo, y la gobernadora mexiquense, Delfina G\u00f3mez \u00c1lvarez, inauguraron el Tren Suburbano \u201cFelipe \u00c1ngeles\u201d en su tramo Buenavista-AIFA, una obra estrat\u00e9gica que promete transformar la movilidad en el Valle de M\u00e9xico al reducir tiempos de traslado y acercar oportunidades a miles de familias.<br><\/p>\n\n\n\n<p>Durante el acto inaugural en la terminal AIFA-Clara Krause, la titular del Ejecutivo federal afirm\u00f3 que este proyecto representa el cumplimiento de un compromiso con la ciudadan\u00eda.<br><\/p>\n\n\n\n<figure class=\"wp-block-image size-large\"><img fetchpriority=\"high\" decoding=\"async\" width=\"1024\" height=\"506\" src=\"https:\/\/elinformante.mx\/wp-content\/uploads\/2026\/04\/9tren-3-1024x506.jpg\" alt=\"\" class=\"wp-image-103984\" srcset=\"https:\/\/elinformante.mx\/wp-content\/uploads\/2026\/04\/9tren-3-1024x506.jpg 1024w, https:\/\/elinformante.mx\/wp-content\/uploads\/2026\/04\/9tren-3-300x148.jpg 300w, https:\/\/elinformante.mx\/wp-content\/uploads\/2026\/04\/9tren-3-768x379.jpg 768w, https:\/\/elinformante.mx\/wp-content\/uploads\/2026\/04\/9tren-3.jpg 1140w\" sizes=\"(max-width: 1024px) 100vw, 1024px\" \/><\/figure>\n\n\n\n<p>\u201cMisi\u00f3n cumplida, pueblo de M\u00e9xico\u201d, expres\u00f3, al destacar que el rescate de los trenes de pasajeros garantiza el derecho a una movilidad eficiente, accesible y de primer nivel.<br><\/p>\n\n\n\n<p>El nuevo sistema ferroviario cuenta con una longitud de 41 kil\u00f3metros, conectando el norte de la Ciudad de M\u00e9xico con el Aeropuerto Internacional Felipe \u00c1ngeles en un tiempo inicial de 60 minutos, que posteriormente se reducir\u00e1 a 43 minutos. Se estima una demanda de 57 mil usuarios diarios, con capacidad de movilizar a m\u00e1s de 80 mil personas.<br><\/p>\n\n\n\n<figure class=\"wp-block-image size-large\"><img decoding=\"async\" width=\"1024\" height=\"506\" src=\"https:\/\/elinformante.mx\/wp-content\/uploads\/2026\/04\/9tren-4-1024x506.jpg\" alt=\"\" class=\"wp-image-103985\" srcset=\"https:\/\/elinformante.mx\/wp-content\/uploads\/2026\/04\/9tren-4-1024x506.jpg 1024w, https:\/\/elinformante.mx\/wp-content\/uploads\/2026\/04\/9tren-4-300x148.jpg 300w, https:\/\/elinformante.mx\/wp-content\/uploads\/2026\/04\/9tren-4-768x379.jpg 768w, https:\/\/elinformante.mx\/wp-content\/uploads\/2026\/04\/9tren-4.jpg 1140w\" sizes=\"(max-width: 1024px) 100vw, 1024px\" \/><\/figure>\n\n\n\n<p>La gobernadora Delfina G\u00f3mez subray\u00f3 que esta infraestructura representa un impulso decisivo para el desarrollo del Estado de M\u00e9xico, al beneficiar directamente a municipios como Tultitl\u00e1n, Tultepec, Nextlalpan y Zumpango, adem\u00e1s de comunidades hist\u00f3ricamente rezagadas.<br><\/p>\n\n\n\n<p>\u201cEste tren no solo es infraestructura, es bienestar, desarrollo y justicia social. Localidades como Jaltocan, en Nextlalpan, tendr\u00e1n acceso a un transporte p\u00fablico digno que impactar\u00e1 positivamente en su econom\u00eda\u201d, afirm\u00f3.<br><\/p>\n\n\n\n<figure class=\"wp-block-image size-large\"><img decoding=\"async\" width=\"1024\" height=\"506\" src=\"https:\/\/elinformante.mx\/wp-content\/uploads\/2026\/04\/9tren-2-1024x506.jpg\" alt=\"\" class=\"wp-image-103986\" srcset=\"https:\/\/elinformante.mx\/wp-content\/uploads\/2026\/04\/9tren-2-1024x506.jpg 1024w, https:\/\/elinformante.mx\/wp-content\/uploads\/2026\/04\/9tren-2-300x148.jpg 300w, https:\/\/elinformante.mx\/wp-content\/uploads\/2026\/04\/9tren-2-768x379.jpg 768w, https:\/\/elinformante.mx\/wp-content\/uploads\/2026\/04\/9tren-2.jpg 1140w\" sizes=\"(max-width: 1024px) 100vw, 1024px\" \/><\/figure>\n\n\n\n<p>El Tren Suburbano \u201cFelipe \u00c1ngeles\u201d cuenta con seis estaciones: Cueyamil, La Loma, Teyahualco, Prados Sur, Cajiga y Xaltocan, adem\u00e1s de la terminal en el AIFA. Est\u00e1 equipado con tecnolog\u00eda de punta, con trenes que pueden transportar hasta 719 pasajeros cada uno, ampliables a mil 400 en horas de alta demanda.<br><\/p>\n\n\n\n<p>Asimismo, el proyecto permitir\u00e1 una conexi\u00f3n integral con otros sistemas de transporte como el Metro, Metrob\u00fas, Mexib\u00fas y Ecobici, fortaleciendo la red de movilidad en la zona metropolitana.<br><\/p>\n\n\n\n<figure class=\"wp-block-image size-large\"><img loading=\"lazy\" decoding=\"async\" width=\"1024\" height=\"506\" src=\"https:\/\/elinformante.mx\/wp-content\/uploads\/2026\/04\/9portada-2-1-1024x506.jpg\" alt=\"\" class=\"wp-image-103987\" srcset=\"https:\/\/elinformante.mx\/wp-content\/uploads\/2026\/04\/9portada-2-1-1024x506.jpg 1024w, https:\/\/elinformante.mx\/wp-content\/uploads\/2026\/04\/9portada-2-1-300x148.jpg 300w, https:\/\/elinformante.mx\/wp-content\/uploads\/2026\/04\/9portada-2-1-768x379.jpg 768w, https:\/\/elinformante.mx\/wp-content\/uploads\/2026\/04\/9portada-2-1.jpg 1140w\" sizes=\"(max-width: 1024px) 100vw, 1024px\" \/><\/figure>\n\n\n\n<p>Las autoridades informaron que el servicio operar\u00e1 de lunes a viernes de 5:00 a 00:00 horas, con una tarifa promocional inicial de 45 pesos desde cualquier estaci\u00f3n hacia el AIFA y de 11.50 pesos entre estaciones intermedias.<br><\/p>\n\n\n\n<p>La construcci\u00f3n de esta obra gener\u00f3 m\u00e1s de 20 mil empleos y forma parte de la estrategia nacional para recuperar el transporte ferroviario de pasajeros, consolid\u00e1ndose como uno de los proyectos emblem\u00e1ticos de infraestructura del pa\u00eds.<\/p>\n","protected":false},"excerpt":{"rendered":"<p>La obra beneficiar\u00e1 a m\u00e1s de 799 mil habitantes y movilizar\u00e1 hasta 80 mil pasajeros diarios en la Zona Metropolitana del Valle de M\u00e9xico. La presidenta de M\u00e9xico, Claudia Sheinbaum Pardo, y la gobernadora mexiquense, Delfina G\u00f3mez \u00c1lvarez, inauguraron el Tren Suburbano \u201cFelipe \u00c1ngeles\u201d en su tramo Buenavista-AIFA, una obra estrat\u00e9gica que promete transformar la [&hellip;]<\/p>\n","protected":false},"author":1,"featured_media":103983,"comment_status":"closed","ping_status":"closed","sticky":false,"template":"","format":"standard","meta":{"footnotes":""},"categories":[30,34,31],"tags":[47],"class_list":["post-103981","post","type-post","status-publish","format-standard","has-post-thumbnail","hentry","category-destacado","category-nacional","category-portada","tag-portadanacional"],"_links":{"self":[{"href":"https:\/\/elinformante.mx\/index.php?rest_route=\/wp\/v2\/posts\/103981","targetHints":{"allow":["GET"]}}],"collection":[{"href":"https:\/\/elinformante.mx\/index.php?rest_route=\/wp\/v2\/posts"}],"about":[{"href":"https:\/\/elinformante.mx\/index.php?rest_route=\/wp\/v2\/types\/post"}],"author":[{"embeddable":true,"href":"https:\/\/elinformante.mx\/index.php?rest_route=\/wp\/v2\/users\/1"}],"replies":[{"embeddable":true,"href":"https:\/\/elinformante.mx\/index.php?rest_route=%2Fwp%2Fv2%2Fcomments&post=103981"}],"version-history":[{"count":0,"href":"https:\/\/elinformante.mx\/index.php?rest_route=\/wp\/v2\/posts\/103981\/revisions"}],"wp:featuredmedia":[{"embeddable":true,"href":"https:\/\/elinformante.mx\/index.php?rest_route=\/wp\/v2\/media\/103983"}],"wp:attachment":[{"href":"https:\/\/elinformante.mx\/index.php?rest_route=%2Fwp%2Fv2%2Fmedia&parent=103981"}],"wp:term":[{"taxonomy":"category","embeddable":true,"href":"https:\/\/elinformante.mx\/index.php?rest_route=%2Fwp%2Fv2%2Fcategories&post=103981"},{"taxonomy":"post_tag","embeddable":true,"href":"https:\/\/elinformante.mx\/index.php?rest_route=%2Fwp%2Fv2%2Ftags&post=103981"}],"curies":[{"name":"wp","href":"https:\/\/api.w.org\/{rel}","templated":true}]}}