{"id":103992,"date":"2026-04-27T16:18:02","date_gmt":"2026-04-27T22:18:02","guid":{"rendered":"https:\/\/elinformante.mx\/?p=103992"},"modified":"2026-04-27T16:18:06","modified_gmt":"2026-04-27T22:18:06","slug":"cesan-a-noriega-y-lara-erviti-toma-el-control-deportivo","status":"publish","type":"post","link":"https:\/\/elinformante.mx\/?p=103992","title":{"rendered":"Cesan a Noriega y Lara; Erviti toma el control deportivo"},"content":{"rendered":"\n<p>El Rayados de Monterrey inici\u00f3 una reestructuraci\u00f3n profunda tras el fracaso en el Clausura 2026, donde qued\u00f3 fuera de la Liguilla. Como parte de estos movimientos, el club anunci\u00f3 la salida de Jos\u00e9 Antonio Noriega como presidente deportivo, as\u00ed como de H\u00e9ctor Lara, quien se desempe\u00f1aba como director deportivo.<\/p>\n\n\n\n<p>La directiva regiomontana confirm\u00f3 que el exjugador Walter Erviti asumir\u00e1 el cargo de director deportivo, en una apuesta por perfiles con identidad en el club. Erviti, quien milit\u00f3 en el equipo entre 2002 y 2008, regresa ahora en una funci\u00f3n clave para redefinir el rumbo deportivo de la instituci\u00f3n.<\/p>\n\n\n\n<p>El argentino ya ten\u00eda v\u00ednculo reciente con el equipo, al desempe\u00f1arse como auxiliar t\u00e9cnico desde marzo pasado, formando parte del cuerpo t\u00e9cnico que no logr\u00f3 revertir el mal momento del club, que finaliz\u00f3 en la posici\u00f3n 13 con apenas 18 puntos.<\/p>\n\n\n\n<p>En paralelo, la directiva analiza la designaci\u00f3n de un nuevo presidente deportivo, donde el nombre de Denis te Kloese suena como principal candidato para asumir el cargo y encabezar la nueva etapa del proyecto.<\/p>\n\n\n\n<p>Adem\u00e1s de los cambios en la estructura, el club tambi\u00e9n decidi\u00f3 prescindir del delantero Anthony Martial, quien no cumpli\u00f3 con las expectativas tras su llegada en 2025. Su bajo rendimiento, con escasa producci\u00f3n ofensiva en minutos limitados, facilit\u00f3 la rescisi\u00f3n de su contrato.<\/p>\n\n\n\n<p>Con estas decisiones, Monterrey busca dejar atr\u00e1s un torneo decepcionante y sentar las bases para volver a competir por los primeros planos en la Liga MX.<\/p>\n","protected":false},"excerpt":{"rendered":"<p>El Rayados de Monterrey inici\u00f3 una reestructuraci\u00f3n profunda tras el fracaso en el Clausura 2026, donde qued\u00f3 fuera de la Liguilla. Como parte de estos movimientos, el club anunci\u00f3 la salida de Jos\u00e9 Antonio Noriega como presidente deportivo, as\u00ed como de H\u00e9ctor Lara, quien se desempe\u00f1aba como director deportivo. La directiva regiomontana confirm\u00f3 que el [&hellip;]<\/p>\n","protected":false},"author":2,"featured_media":103995,"comment_status":"closed","ping_status":"closed","sticky":false,"template":"","format":"standard","meta":{"footnotes":""},"categories":[38],"tags":[1067,286,413,1071,282,1069,356,1072,1068,1070],"class_list":["post-103992","post","type-post","status-publish","format-standard","has-post-thumbnail","hentry","category-deportes","tag-anthony-martial","tag-clausura-2026","tag-futbol-mexicano-2","tag-hector-lara","tag-liga-mx","tag-monterrey","tag-rayados","tag-reestructuracion","tag-tato-noriega","tag-walter-erviti"],"_links":{"self":[{"href":"https:\/\/elinformante.mx\/index.php?rest_route=\/wp\/v2\/posts\/103992","targetHints":{"allow":["GET"]}}],"collection":[{"href":"https:\/\/elinformante.mx\/index.php?rest_route=\/wp\/v2\/posts"}],"about":[{"href":"https:\/\/elinformante.mx\/index.php?rest_route=\/wp\/v2\/types\/post"}],"author":[{"embeddable":true,"href":"https:\/\/elinformante.mx\/index.php?rest_route=\/wp\/v2\/users\/2"}],"replies":[{"embeddable":true,"href":"https:\/\/elinformante.mx\/index.php?rest_route=%2Fwp%2Fv2%2Fcomments&post=103992"}],"version-history":[{"count":0,"href":"https:\/\/elinformante.mx\/index.php?rest_route=\/wp\/v2\/posts\/103992\/revisions"}],"wp:featuredmedia":[{"embeddable":true,"href":"https:\/\/elinformante.mx\/index.php?rest_route=\/wp\/v2\/media\/103995"}],"wp:attachment":[{"href":"https:\/\/elinformante.mx\/index.php?rest_route=%2Fwp%2Fv2%2Fmedia&parent=103992"}],"wp:term":[{"taxonomy":"category","embeddable":true,"href":"https:\/\/elinformante.mx\/index.php?rest_route=%2Fwp%2Fv2%2Fcategories&post=103992"},{"taxonomy":"post_tag","embeddable":true,"href":"https:\/\/elinformante.mx\/index.php?rest_route=%2Fwp%2Fv2%2Ftags&post=103992"}],"curies":[{"name":"wp","href":"https:\/\/api.w.org\/{rel}","templated":true}]}}