{"id":103996,"date":"2026-04-27T16:51:31","date_gmt":"2026-04-27T22:51:31","guid":{"rendered":"https:\/\/elinformante.mx\/?p=103996"},"modified":"2026-04-27T16:51:34","modified_gmt":"2026-04-27T22:51:34","slug":"victoria-kuhne-la-novia-de-cristian-castro-que-lidera-una-discografica-millonaria","status":"publish","type":"post","link":"https:\/\/elinformante.mx\/?p=103996","title":{"rendered":"Victoria K\u00fchne, la novia de Cristian Castro que lidera una discogr\u00e1fica millonaria"},"content":{"rendered":"\n<p>El cantante Cristian Castro vuelve a estar en el centro de atenci\u00f3n, no solo por su vida personal, sino por su nueva relaci\u00f3n con Victoria K\u00fchne, una joven destacada en la industria por dirigir una empresa discogr\u00e1fica de alto valor.<\/p>\n\n\n\n<p>La relaci\u00f3n fue confirmada por la propia Victoria a trav\u00e9s de redes sociales, donde comparti\u00f3 im\u00e1genes junto al int\u00e9rprete de \u201cAzul\u201d durante un viaje en Nueva York, generando una r\u00e1pida reacci\u00f3n entre seguidores del cantante.<\/p>\n\n\n\n<p>K\u00fchne no es ajena al mundo del espect\u00e1culo. Desde temprana edad ha estado vinculada a la m\u00fasica y actualmente lidera Victoria Records, empresa fundada por su familia que, seg\u00fan reportes, ha alcanzado un valor cercano a los 25 millones de d\u00f3lares.<\/p>\n\n\n<div class=\"wp-block-image\">\n<figure class=\"aligncenter size-large\"><img fetchpriority=\"high\" decoding=\"async\" width=\"1024\" height=\"576\" src=\"https:\/\/elinformante.mx\/wp-content\/uploads\/2026\/04\/EIM-horizontal-2026-04-27T164939.321-1024x576.png\" alt=\"\" class=\"wp-image-103998\" srcset=\"https:\/\/elinformante.mx\/wp-content\/uploads\/2026\/04\/EIM-horizontal-2026-04-27T164939.321-1024x576.png 1024w, https:\/\/elinformante.mx\/wp-content\/uploads\/2026\/04\/EIM-horizontal-2026-04-27T164939.321-300x169.png 300w, https:\/\/elinformante.mx\/wp-content\/uploads\/2026\/04\/EIM-horizontal-2026-04-27T164939.321-768x432.png 768w, https:\/\/elinformante.mx\/wp-content\/uploads\/2026\/04\/EIM-horizontal-2026-04-27T164939.321-1536x864.png 1536w, https:\/\/elinformante.mx\/wp-content\/uploads\/2026\/04\/EIM-horizontal-2026-04-27T164939.321.png 1920w\" sizes=\"(max-width: 1024px) 100vw, 1024px\" \/><figcaption class=\"wp-element-caption\">FOTO: Instagram, v\u00eda @victoriakuhne<\/figcaption><\/figure>\n<\/div>\n\n\n<p>Adem\u00e1s de su faceta empresarial, Victoria tambi\u00e9n ha desarrollado una carrera art\u00edstica como cantante y compositora, participando en teatro musical desde los 14 a\u00f1os y logrando reconocimiento internacional, incluso con nominaciones a premios importantes de la industria.<\/p>\n\n\n\n<p>Su sello discogr\u00e1fico ha trabajado con artistas de renombre tanto nacionales como internacionales, incluyendo a figuras como Gloria Trevi y The Strokes, consolidando su presencia en el mercado global.<\/p>\n\n\n\n<p>La relaci\u00f3n entre Castro y K\u00fchne surge poco tiempo despu\u00e9s de que el cantante anunciara que se tomar\u00eda una pausa en su vida sentimental, lo que ha sorprendido a sus seguidores y reavivado el inter\u00e9s en su vida personal.<\/p>\n","protected":false},"excerpt":{"rendered":"<p>El cantante Cristian Castro vuelve a estar en el centro de atenci\u00f3n, no solo por su vida personal, sino por su nueva relaci\u00f3n con Victoria K\u00fchne, una joven destacada en la industria por dirigir una empresa discogr\u00e1fica de alto valor. La relaci\u00f3n fue confirmada por la propia Victoria a trav\u00e9s de redes sociales, donde comparti\u00f3 [&hellip;]<\/p>\n","protected":false},"author":2,"featured_media":103997,"comment_status":"closed","ping_status":"closed","sticky":false,"template":"","format":"standard","meta":{"footnotes":""},"categories":[39],"tags":[],"class_list":["post-103996","post","type-post","status-publish","format-standard","has-post-thumbnail","hentry","category-espectaculos"],"_links":{"self":[{"href":"https:\/\/elinformante.mx\/index.php?rest_route=\/wp\/v2\/posts\/103996","targetHints":{"allow":["GET"]}}],"collection":[{"href":"https:\/\/elinformante.mx\/index.php?rest_route=\/wp\/v2\/posts"}],"about":[{"href":"https:\/\/elinformante.mx\/index.php?rest_route=\/wp\/v2\/types\/post"}],"author":[{"embeddable":true,"href":"https:\/\/elinformante.mx\/index.php?rest_route=\/wp\/v2\/users\/2"}],"replies":[{"embeddable":true,"href":"https:\/\/elinformante.mx\/index.php?rest_route=%2Fwp%2Fv2%2Fcomments&post=103996"}],"version-history":[{"count":0,"href":"https:\/\/elinformante.mx\/index.php?rest_route=\/wp\/v2\/posts\/103996\/revisions"}],"wp:featuredmedia":[{"embeddable":true,"href":"https:\/\/elinformante.mx\/index.php?rest_route=\/wp\/v2\/media\/103997"}],"wp:attachment":[{"href":"https:\/\/elinformante.mx\/index.php?rest_route=%2Fwp%2Fv2%2Fmedia&parent=103996"}],"wp:term":[{"taxonomy":"category","embeddable":true,"href":"https:\/\/elinformante.mx\/index.php?rest_route=%2Fwp%2Fv2%2Fcategories&post=103996"},{"taxonomy":"post_tag","embeddable":true,"href":"https:\/\/elinformante.mx\/index.php?rest_route=%2Fwp%2Fv2%2Ftags&post=103996"}],"curies":[{"name":"wp","href":"https:\/\/api.w.org\/{rel}","templated":true}]}}