{"id":104008,"date":"2026-04-28T05:13:23","date_gmt":"2026-04-28T11:13:23","guid":{"rendered":"https:\/\/elinformante.mx\/?p=104008"},"modified":"2026-04-28T05:13:27","modified_gmt":"2026-04-28T11:13:27","slug":"anthony-edwards-podria-perderse-varias-semanas-por-lesion-de-rodilla","status":"publish","type":"post","link":"https:\/\/elinformante.mx\/?p=104008","title":{"rendered":"Anthony Edwards podr\u00eda perderse varias semanas por lesi\u00f3n de rodilla"},"content":{"rendered":"\n<figure class=\"wp-block-pullquote\"><blockquote><p>El escolta de los Timberwolves sufri\u00f3 una contusi\u00f3n \u00f3sea y una hiperextensi\u00f3n en la rodilla izquierda durante el Juego 4 ante Denver; su regreso queda en suspenso.<\/p><\/blockquote><\/figure>\n\n\n\n<p class=\"has-drop-cap\">La rodilla izquierda de Anthony Edwards sali\u00f3 con buenas noticias dentro de lo posible, pero con un panorama complicado: la estructura no sufri\u00f3 da\u00f1os graves, aunque el escolta de los Minnesota Timberwolves podr\u00eda estar fuera de las canchas varias semanas tras una lesi\u00f3n sufrida en el Juego 4 de la primera ronda de los playoffs del Oeste.<br><\/p>\n\n\n\n<p>De acuerdo con la informaci\u00f3n del caso, Edwards presenta una contusi\u00f3n \u00f3sea y una hiperextensi\u00f3n en la rodilla izquierda. La fuente habl\u00f3 bajo condici\u00f3n de anonimato debido a que el equipo no ha dado un diagn\u00f3stico oficial ni un calendario de recuperaci\u00f3n.<br><\/p>\n\n\n\n<p>El incidente ocurri\u00f3 en la primera mitad del triunfo de Minnesota por 112-96 sobre los Denver Nuggets, victoria que puso a los Timberwolves arriba 3-1 en la serie. En la misma jornada, el equipo tambi\u00e9n perdi\u00f3 a Donte DiVincenzo por una rotura del tend\u00f3n de Aquiles, una baja de enorme impacto.<br><\/p>\n\n\n\n<p>La acci\u00f3n de la lesi\u00f3n se produjo al intentar defender una bandeja de Cam Johnson. Edwards cay\u00f3 de forma inc\u00f3moda y su pierna izquierda qued\u00f3 en una posici\u00f3n antinatural, lo que le impidi\u00f3 apoyar con normalidad al retirarse de la cancha.<br><\/p>\n\n\n\n<p>Antes de la lesi\u00f3n, Edwards firmaba una temporada de \u00e9lite con 28,8 puntos de promedio, consolid\u00e1ndose como una de las principales figuras ofensivas de la NBA.<br><\/p>\n\n\n\n<p>Mientras Minnesota espera el Juego 5 de la serie en Denver, la preocupaci\u00f3n se centra en la salud de su m\u00e1xima estrella y en el impacto que su ausencia podr\u00eda tener en el resto de la postemporada.<\/p>\n","protected":false},"excerpt":{"rendered":"<p>El escolta de los Timberwolves sufri\u00f3 una contusi\u00f3n \u00f3sea y una hiperextensi\u00f3n en la rodilla izquierda durante el Juego 4 ante Denver; su regreso queda en suspenso. La rodilla izquierda de Anthony Edwards sali\u00f3 con buenas noticias dentro de lo posible, pero con un panorama complicado: la estructura no sufri\u00f3 da\u00f1os graves, aunque el escolta [&hellip;]<\/p>\n","protected":false},"author":1,"featured_media":104011,"comment_status":"closed","ping_status":"closed","sticky":false,"template":"","format":"standard","meta":{"footnotes":""},"categories":[38,30],"tags":[],"class_list":["post-104008","post","type-post","status-publish","format-standard","has-post-thumbnail","hentry","category-deportes","category-destacado"],"_links":{"self":[{"href":"https:\/\/elinformante.mx\/index.php?rest_route=\/wp\/v2\/posts\/104008","targetHints":{"allow":["GET"]}}],"collection":[{"href":"https:\/\/elinformante.mx\/index.php?rest_route=\/wp\/v2\/posts"}],"about":[{"href":"https:\/\/elinformante.mx\/index.php?rest_route=\/wp\/v2\/types\/post"}],"author":[{"embeddable":true,"href":"https:\/\/elinformante.mx\/index.php?rest_route=\/wp\/v2\/users\/1"}],"replies":[{"embeddable":true,"href":"https:\/\/elinformante.mx\/index.php?rest_route=%2Fwp%2Fv2%2Fcomments&post=104008"}],"version-history":[{"count":0,"href":"https:\/\/elinformante.mx\/index.php?rest_route=\/wp\/v2\/posts\/104008\/revisions"}],"wp:featuredmedia":[{"embeddable":true,"href":"https:\/\/elinformante.mx\/index.php?rest_route=\/wp\/v2\/media\/104011"}],"wp:attachment":[{"href":"https:\/\/elinformante.mx\/index.php?rest_route=%2Fwp%2Fv2%2Fmedia&parent=104008"}],"wp:term":[{"taxonomy":"category","embeddable":true,"href":"https:\/\/elinformante.mx\/index.php?rest_route=%2Fwp%2Fv2%2Fcategories&post=104008"},{"taxonomy":"post_tag","embeddable":true,"href":"https:\/\/elinformante.mx\/index.php?rest_route=%2Fwp%2Fv2%2Ftags&post=104008"}],"curies":[{"name":"wp","href":"https:\/\/api.w.org\/{rel}","templated":true}]}}