{"id":104022,"date":"2026-04-28T05:30:01","date_gmt":"2026-04-28T11:30:01","guid":{"rendered":"https:\/\/elinformante.mx\/?p=104022"},"modified":"2026-04-28T05:30:07","modified_gmt":"2026-04-28T11:30:07","slug":"metepec-acerca-servicios-medicos-con-macro-jornada-de-salud-para-las-familias","status":"publish","type":"post","link":"https:\/\/elinformante.mx\/?p=104022","title":{"rendered":"Metepec acerca servicios m\u00e9dicos con Macro Jornada de Salud para las familias"},"content":{"rendered":"\n<figure class=\"wp-block-pullquote\"><blockquote><p>El DIF municipal impulsa acciones preventivas y de atenci\u00f3n integral en San Salvador Tizatlalli<\/p><\/blockquote><\/figure>\n\n\n\n<p class=\"has-drop-cap\">El Sistema Municipal DIF Metepec llevar\u00e1 a cabo la Macro Jornada de Salud \u201cFamilias Felices, por un Metepec saludable\u201d, con el objetivo de acercar servicios m\u00e9dicos y de asistencia a la poblaci\u00f3n.<br><\/p>\n\n\n\n<p>La jornada se realizar\u00e1 el mi\u00e9rcoles 29 de abril en la Unidad Deportiva de San Salvador Tizatlalli, en un horario de 9:00 a 14:00 horas, donde se ofrecer\u00e1n consultas m\u00e9dicas y odontol\u00f3gicas, podolog\u00eda, masoterapia, asesor\u00eda psicol\u00f3gica y jur\u00eddica.<br><\/p>\n\n\n\n<p>Adem\u00e1s, se desarrollar\u00e1n campa\u00f1as de vacunaci\u00f3n antirr\u00e1bica y esterilizaci\u00f3n para perros y gatos, fortaleciendo as\u00ed la salud p\u00fablica y el bienestar animal en el municipio.<br><\/p>\n\n\n\n<p>Autoridades invitaron a la ciudadan\u00eda a participar en esta iniciativa, que busca fomentar la prevenci\u00f3n y el cuidado integral de las familias metepequenses.<\/p>\n","protected":false},"excerpt":{"rendered":"<p>El DIF municipal impulsa acciones preventivas y de atenci\u00f3n integral en San Salvador Tizatlalli El Sistema Municipal DIF Metepec llevar\u00e1 a cabo la Macro Jornada de Salud \u201cFamilias Felices, por un Metepec saludable\u201d, con el objetivo de acercar servicios m\u00e9dicos y de asistencia a la poblaci\u00f3n. La jornada se realizar\u00e1 el mi\u00e9rcoles 29 de abril [&hellip;]<\/p>\n","protected":false},"author":1,"featured_media":104025,"comment_status":"closed","ping_status":"closed","sticky":false,"template":"","format":"standard","meta":{"footnotes":""},"categories":[36],"tags":[],"class_list":["post-104022","post","type-post","status-publish","format-standard","has-post-thumbnail","hentry","category-edomex"],"_links":{"self":[{"href":"https:\/\/elinformante.mx\/index.php?rest_route=\/wp\/v2\/posts\/104022","targetHints":{"allow":["GET"]}}],"collection":[{"href":"https:\/\/elinformante.mx\/index.php?rest_route=\/wp\/v2\/posts"}],"about":[{"href":"https:\/\/elinformante.mx\/index.php?rest_route=\/wp\/v2\/types\/post"}],"author":[{"embeddable":true,"href":"https:\/\/elinformante.mx\/index.php?rest_route=\/wp\/v2\/users\/1"}],"replies":[{"embeddable":true,"href":"https:\/\/elinformante.mx\/index.php?rest_route=%2Fwp%2Fv2%2Fcomments&post=104022"}],"version-history":[{"count":0,"href":"https:\/\/elinformante.mx\/index.php?rest_route=\/wp\/v2\/posts\/104022\/revisions"}],"wp:featuredmedia":[{"embeddable":true,"href":"https:\/\/elinformante.mx\/index.php?rest_route=\/wp\/v2\/media\/104025"}],"wp:attachment":[{"href":"https:\/\/elinformante.mx\/index.php?rest_route=%2Fwp%2Fv2%2Fmedia&parent=104022"}],"wp:term":[{"taxonomy":"category","embeddable":true,"href":"https:\/\/elinformante.mx\/index.php?rest_route=%2Fwp%2Fv2%2Fcategories&post=104022"},{"taxonomy":"post_tag","embeddable":true,"href":"https:\/\/elinformante.mx\/index.php?rest_route=%2Fwp%2Fv2%2Ftags&post=104022"}],"curies":[{"name":"wp","href":"https:\/\/api.w.org\/{rel}","templated":true}]}}