{"id":104024,"date":"2026-04-28T05:31:39","date_gmt":"2026-04-28T11:31:39","guid":{"rendered":"https:\/\/elinformante.mx\/?p=104024"},"modified":"2026-04-28T05:31:44","modified_gmt":"2026-04-28T11:31:44","slug":"toluca-impulsa-bienestar-educacion-y-servicios-basicos-con-acciones-integrales","status":"publish","type":"post","link":"https:\/\/elinformante.mx\/?p=104024","title":{"rendered":"Toluca impulsa bienestar, educaci\u00f3n y servicios b\u00e1sicos con acciones integrales"},"content":{"rendered":"\n<figure class=\"wp-block-pullquote\"><blockquote><p>El gobierno municipal fortalece la salud emocional, infraestructura educativa y abastecimiento de agua en beneficio de miles de familias<\/p><\/blockquote><\/figure>\n\n\n\n<p class=\"has-drop-cap\">El Presidente Municipal de Toluca, Ricardo Moreno Bastida, encabez\u00f3 una serie de acciones estrat\u00e9gicas en distintos puntos del municipio orientadas a fortalecer el bienestar social, mejorar la infraestructura educativa y ampliar el acceso a servicios b\u00e1sicos, como parte de una pol\u00edtica p\u00fablica centrada en las personas.<br><\/p>\n\n\n\n<p>En la Alameda Central, el edil inaugur\u00f3 la Feria del Bienestar Integral, un espacio de atenci\u00f3n y sensibilizaci\u00f3n enfocado en la salud emocional, donde destac\u00f3 la importancia de atender este tema como una prioridad social. En este marco, reconoci\u00f3 el trabajo de asociaciones civiles que contribuyen a generar redes de apoyo y prevenci\u00f3n, al tiempo que hizo un llamado a la ciudadan\u00eda a romper estigmas y buscar acompa\u00f1amiento profesional cuando sea necesario.<br><\/p>\n\n\n\n<p>Subray\u00f3 que fortalecer la salud mental permite prevenir problem\u00e1ticas como la violencia, las adicciones y la desintegraci\u00f3n social, por lo que su administraci\u00f3n continuar\u00e1 impulsando estrategias comunitarias que promuevan el equilibrio emocional y el desarrollo arm\u00f3nico de la poblaci\u00f3n.<br><\/p>\n\n\n\n<p>Como parte de su agenda de trabajo en territorio, Moreno Bastida tambi\u00e9n entreg\u00f3 un arcotecho en la Telesecundaria \u201cJos\u00e9 Vasconcelos\u201d, en la delegaci\u00f3n Adolfo L\u00f3pez Mateos, obra esperada durante a\u00f1os por la comunidad escolar. Esta infraestructura permitir\u00e1 a estudiantes y docentes realizar actividades acad\u00e9micas, c\u00edvicas y deportivas en condiciones seguras y dignas.<br><\/p>\n\n\n\n<p>Durante el acto, el presidente municipal reiter\u00f3 que, aunque la construcci\u00f3n de infraestructura educativa no es una atribuci\u00f3n directa del gobierno local, su administraci\u00f3n ha decidido intervenir para mejorar las condiciones de los planteles, al considerar que invertir en educaci\u00f3n es apostar por el futuro del municipio. Asimismo, adelant\u00f3 que se continuar\u00e1 con la entrega de m\u00e1s arcotechos en diversas comunidades a lo largo del a\u00f1o.<br><\/p>\n\n\n\n<p>En otro punto del municipio, el alcalde puso en operaci\u00f3n un pozo profundo en la colonia Carlos Hank Gonz\u00e1lez, en la delegaci\u00f3n La Maquinita, obra que beneficiar\u00e1 a m\u00e1s de 20 mil habitantes al fortalecer el suministro de agua potable y reducir la dependencia de fuentes externas como el Sistema Cutzamala.<br><\/p>\n\n\n\n<p>Moreno Bastida explic\u00f3 que esta acci\u00f3n forma parte de una estrategia integral en materia h\u00eddrica, que contempla no solo la extracci\u00f3n responsable de agua, sino tambi\u00e9n la implementaci\u00f3n de mecanismos para la recarga de mantos acu\u00edferos mediante captaci\u00f3n pluvial, contribuyendo a la sostenibilidad del recurso.<br><\/p>\n\n\n\n<p>Destac\u00f3 que esta obra se logr\u00f3 optimizando recursos existentes, sin generar costos adicionales para el municipio, lo que refleja un manejo responsable y eficiente de las finanzas p\u00fablicas.<br><\/p>\n\n\n\n<p>Finalmente, el alcalde reiter\u00f3 que su gobierno trabaja desde el territorio, atendiendo de manera directa las necesidades de la poblaci\u00f3n con acciones concretas como obras de pavimentaci\u00f3n, bacheo, drenaje, infraestructura hidr\u00e1ulica y equipamiento urbano, que contribuyen a elevar la calidad de vida de las y los toluque\u00f1os.<\/p>\n","protected":false},"excerpt":{"rendered":"<p>El gobierno municipal fortalece la salud emocional, infraestructura educativa y abastecimiento de agua en beneficio de miles de familias El Presidente Municipal de Toluca, Ricardo Moreno Bastida, encabez\u00f3 una serie de acciones estrat\u00e9gicas en distintos puntos del municipio orientadas a fortalecer el bienestar social, mejorar la infraestructura educativa y ampliar el acceso a servicios b\u00e1sicos, [&hellip;]<\/p>\n","protected":false},"author":1,"featured_media":104027,"comment_status":"closed","ping_status":"closed","sticky":false,"template":"","format":"standard","meta":{"footnotes":""},"categories":[30,36],"tags":[],"class_list":["post-104024","post","type-post","status-publish","format-standard","has-post-thumbnail","hentry","category-destacado","category-edomex"],"_links":{"self":[{"href":"https:\/\/elinformante.mx\/index.php?rest_route=\/wp\/v2\/posts\/104024","targetHints":{"allow":["GET"]}}],"collection":[{"href":"https:\/\/elinformante.mx\/index.php?rest_route=\/wp\/v2\/posts"}],"about":[{"href":"https:\/\/elinformante.mx\/index.php?rest_route=\/wp\/v2\/types\/post"}],"author":[{"embeddable":true,"href":"https:\/\/elinformante.mx\/index.php?rest_route=\/wp\/v2\/users\/1"}],"replies":[{"embeddable":true,"href":"https:\/\/elinformante.mx\/index.php?rest_route=%2Fwp%2Fv2%2Fcomments&post=104024"}],"version-history":[{"count":0,"href":"https:\/\/elinformante.mx\/index.php?rest_route=\/wp\/v2\/posts\/104024\/revisions"}],"wp:featuredmedia":[{"embeddable":true,"href":"https:\/\/elinformante.mx\/index.php?rest_route=\/wp\/v2\/media\/104027"}],"wp:attachment":[{"href":"https:\/\/elinformante.mx\/index.php?rest_route=%2Fwp%2Fv2%2Fmedia&parent=104024"}],"wp:term":[{"taxonomy":"category","embeddable":true,"href":"https:\/\/elinformante.mx\/index.php?rest_route=%2Fwp%2Fv2%2Fcategories&post=104024"},{"taxonomy":"post_tag","embeddable":true,"href":"https:\/\/elinformante.mx\/index.php?rest_route=%2Fwp%2Fv2%2Ftags&post=104024"}],"curies":[{"name":"wp","href":"https:\/\/api.w.org\/{rel}","templated":true}]}}