{"id":104026,"date":"2026-04-28T05:34:57","date_gmt":"2026-04-28T11:34:57","guid":{"rendered":"https:\/\/elinformante.mx\/?p=104026"},"modified":"2026-04-28T05:35:05","modified_gmt":"2026-04-28T11:35:05","slug":"escuela-judicial-del-edomex-impulsa-la-profesionalizacion-en-justicia-para-adolescentes","status":"publish","type":"post","link":"https:\/\/elinformante.mx\/?p=104026","title":{"rendered":"Escuela Judicial del Edom\u00e9x impulsa la profesionalizaci\u00f3n en justicia para adolescentes"},"content":{"rendered":"\n<figure class=\"wp-block-pullquote\"><blockquote><p>-Desde su creaci\u00f3n en 2022, la especialidad ha registrado un crecimiento sostenido, con tres generaciones concluidas, una cuarta en curso y una matr\u00edcula inicial de alrededor de 25 estudiantes.<\/p><\/blockquote><\/figure>\n\n\n\n<p class=\"has-drop-cap\">Con el objetivo de fortalecer un modelo de justicia m\u00e1s humano, sensible y eficiente, la Escuela Judicial del Estado de M\u00e9xico consolida la Especialidad en Justicia Penal para Adolescentes como un programa estrat\u00e9gico de formaci\u00f3n especializada en la entidad.<br><\/p>\n\n\n\n<p>El director general de la instituci\u00f3n, Jos\u00e9 Luis Embris V\u00e1squez, destac\u00f3 que este modelo prioriza la reintegraci\u00f3n social sobre la sanci\u00f3n, al se\u00f1alar que m\u00e1s que castigar, el objetivo es rehabilitar, bajo un enfoque que considera el contexto social, familiar y personal de cada caso.<br><\/p>\n\n\n\n<p>Desde su creaci\u00f3n en 2022, la especialidad ha registrado un crecimiento sostenido, con tres generaciones concluidas, una cuarta en curso y una matr\u00edcula inicial de alrededor de 25 estudiantes, lo que refleja el inter\u00e9s por fortalecer la capacitaci\u00f3n en este \u00e1mbito del sistema de justicia.<br><\/p>\n\n\n\n<p>El programa acad\u00e9mico, con duraci\u00f3n de cuatro cuatrimestres en modalidad mixta, integra una visi\u00f3n multidisciplinaria que abarca temas como el entorno social del adolescente, el sistema integral de justicia penal, la reinserci\u00f3n social, los mecanismos alternativos de soluci\u00f3n de controversias y la justicia restaurativa y terap\u00e9utica.<br><\/p>\n\n\n\n<p>De acuerdo con la subdirectora de Estudios Superiores, Gabriela Torres Garc\u00eda, uno de los principales logros ha sido la formaci\u00f3n de perfiles en distintos niveles del sistema judicial, desde personal t\u00e9cnico hasta magistradas y magistrados, lo que fortalece la homologaci\u00f3n de criterios y la operaci\u00f3n institucional.<br><\/p>\n\n\n\n<p>Inicialmente dirigido al personal del Poder Judicial, el programa ha ampliado su alcance al p\u00fablico en general, consolid\u00e1ndose como una plataforma de formaci\u00f3n abierta que responde a la necesidad de construir una justicia m\u00e1s integral y transversal.<br><\/p>\n\n\n\n<p>Con esta iniciativa, la Escuela Judicial del Estado de M\u00e9xico reafirma su compromiso con la profesionalizaci\u00f3n del sector y la construcci\u00f3n de un sistema de justicia centrado en los derechos humanos, la reintegraci\u00f3n social y la atenci\u00f3n de las problem\u00e1ticas que enfrentan las juventudes.<\/p>\n","protected":false},"excerpt":{"rendered":"<p>-Desde su creaci\u00f3n en 2022, la especialidad ha registrado un crecimiento sostenido, con tres generaciones concluidas, una cuarta en curso y una matr\u00edcula inicial de alrededor de 25 estudiantes. Con el objetivo de fortalecer un modelo de justicia m\u00e1s humano, sensible y eficiente, la Escuela Judicial del Estado de M\u00e9xico consolida la Especialidad en Justicia [&hellip;]<\/p>\n","protected":false},"author":1,"featured_media":104029,"comment_status":"closed","ping_status":"closed","sticky":false,"template":"","format":"standard","meta":{"footnotes":""},"categories":[36],"tags":[],"class_list":["post-104026","post","type-post","status-publish","format-standard","has-post-thumbnail","hentry","category-edomex"],"_links":{"self":[{"href":"https:\/\/elinformante.mx\/index.php?rest_route=\/wp\/v2\/posts\/104026","targetHints":{"allow":["GET"]}}],"collection":[{"href":"https:\/\/elinformante.mx\/index.php?rest_route=\/wp\/v2\/posts"}],"about":[{"href":"https:\/\/elinformante.mx\/index.php?rest_route=\/wp\/v2\/types\/post"}],"author":[{"embeddable":true,"href":"https:\/\/elinformante.mx\/index.php?rest_route=\/wp\/v2\/users\/1"}],"replies":[{"embeddable":true,"href":"https:\/\/elinformante.mx\/index.php?rest_route=%2Fwp%2Fv2%2Fcomments&post=104026"}],"version-history":[{"count":0,"href":"https:\/\/elinformante.mx\/index.php?rest_route=\/wp\/v2\/posts\/104026\/revisions"}],"wp:featuredmedia":[{"embeddable":true,"href":"https:\/\/elinformante.mx\/index.php?rest_route=\/wp\/v2\/media\/104029"}],"wp:attachment":[{"href":"https:\/\/elinformante.mx\/index.php?rest_route=%2Fwp%2Fv2%2Fmedia&parent=104026"}],"wp:term":[{"taxonomy":"category","embeddable":true,"href":"https:\/\/elinformante.mx\/index.php?rest_route=%2Fwp%2Fv2%2Fcategories&post=104026"},{"taxonomy":"post_tag","embeddable":true,"href":"https:\/\/elinformante.mx\/index.php?rest_route=%2Fwp%2Fv2%2Ftags&post=104026"}],"curies":[{"name":"wp","href":"https:\/\/api.w.org\/{rel}","templated":true}]}}