{"id":104032,"date":"2026-04-28T05:50:13","date_gmt":"2026-04-28T11:50:13","guid":{"rendered":"https:\/\/elinformante.mx\/?p=104032"},"modified":"2026-04-28T05:50:26","modified_gmt":"2026-04-28T11:50:26","slug":"gem-lanza-convocatoria-becas-para-el-bienestar-mexiquenses-en-el-extranjero","status":"publish","type":"post","link":"https:\/\/elinformante.mx\/?p=104032","title":{"rendered":"GEM lanza convocatoria \u201cBecas para el Bienestar, Mexiquenses en el Extranjero\u201d"},"content":{"rendered":"\n<figure class=\"wp-block-pullquote\"><blockquote><p>Est\u00e1 dirigido a estudiantes inscritos en instituciones p\u00fablicas de educaci\u00f3n superior y que buscan estudiar en el extranjero.<\/p><\/blockquote><\/figure>\n\n\n\n<p class=\"has-drop-cap\">Para enriquecer la formaci\u00f3n profesional de las y los alumnos de educaci\u00f3n superior en el extranjero, el Gobierno del Estado de M\u00e9xico, encabezado por la Maestra Delfina G\u00f3mez \u00c1lvarez, emiti\u00f3 las convocatorias \u201cBecas para el Bienestar, Mexiquenses en el extranjero\u201d y \u201cBecas para el Bienestar, Mexiquenses en el extranjero, para perfeccionarse en el idioma ingl\u00e9s\u201d, correspondientes al ciclo escolar 2025-2026.<br><\/p>\n\n\n\n<p>Miguel \u00c1ngel Hern\u00e1ndez Espejel, Secretario de Educaci\u00f3n, Ciencia, Tecnolog\u00eda e Innovaci\u00f3n (SECTI), indic\u00f3 que el programa \u201cBecas para el Bienestar, Mexiquenses en el Extranjero\u201d est\u00e1 dirigido a estudiantes inscritos en instituciones p\u00fablicas de educaci\u00f3n superior de la entidad, como Tecnol\u00f3gicos de Estudios Superiores, Universidades Polit\u00e9cnicas, Tecnol\u00f3gicas y Estatales, la Universidad Intercultural del Estado de M\u00e9xico y las Escuelas Normales, entre otras.<br><\/p>\n\n\n\n<p>Con el objetivo de que las y los estudiantes se profesionalicen, el monto de la beca es de hasta 350 mil pesos y el c\u00e1lculo de cada una se realiza con base en la universidad o instituto educativo; la ciudad y el pa\u00eds donde estudiar\u00e1 el becario; as\u00ed como el tipo de cambio de la divisa correspondiente.<br><\/p>\n\n\n\n<p>En tanto, el programa \u201cBecas para el Bienestar, Mexiquenses en el extranjero, para perfeccionarse en el idioma ingl\u00e9s\u201d est\u00e1 dirigido a estudiantes de educaci\u00f3n superior que cursan su carrera de manera presencial y a docentes en activo del mismo nivel, con un apoyo de hasta 160 mil pesos, cuyo monto var\u00eda de acuerdo con la instituci\u00f3n educativa, el pa\u00eds de destino y la divisa correspondiente.<br><\/p>\n\n\n\n<p>Con base en la convocatoria, las y los interesados pueden registrarse a partir del quinto cuatrimestre de T\u00e9cnico Superior Universitario y desde el s\u00e9ptimo cuatrimestre o quinto semestre para Licenciatura o Ingenier\u00eda, seg\u00fan corresponda, y realizar su solicitud en l\u00ednea del 14 de abril al 8 de mayo de 2026, a trav\u00e9s de la p\u00e1gina http:\/\/becasextranjero.edugem.gob.mx, periodo y plataforma aplicables para ambos programas.<br><\/p>\n\n\n\n<p>Los resultados de la asignaci\u00f3n de becas de ambos programas se dar\u00e1n a conocer del 11 al 15 de junio de 2026, en la p\u00e1gina: https:\/\/becasextranjero.edugem.gob.mx\/documentos\/resultados.pdf.<br><\/p>\n\n\n\n<p>Cada aspirante deber\u00e1 verificar el resultado de su solicitud conforme al folio obtenido en el sistema, ya que no ser\u00e1n remitidos por correo electr\u00f3nico.<br><\/p>\n\n\n\n<p>Para m\u00e1s informaci\u00f3n, consultar las convocatorias en https:\/\/secti.edomex.gob.mx\/beca-bienestar-extranjero.<\/p>\n","protected":false},"excerpt":{"rendered":"<p>Est\u00e1 dirigido a estudiantes inscritos en instituciones p\u00fablicas de educaci\u00f3n superior y que buscan estudiar en el extranjero. Para enriquecer la formaci\u00f3n profesional de las y los alumnos de educaci\u00f3n superior en el extranjero, el Gobierno del Estado de M\u00e9xico, encabezado por la Maestra Delfina G\u00f3mez \u00c1lvarez, emiti\u00f3 las convocatorias \u201cBecas para el Bienestar, Mexiquenses [&hellip;]<\/p>\n","protected":false},"author":1,"featured_media":104035,"comment_status":"closed","ping_status":"closed","sticky":false,"template":"","format":"standard","meta":{"footnotes":""},"categories":[30,36],"tags":[],"class_list":["post-104032","post","type-post","status-publish","format-standard","has-post-thumbnail","hentry","category-destacado","category-edomex"],"_links":{"self":[{"href":"https:\/\/elinformante.mx\/index.php?rest_route=\/wp\/v2\/posts\/104032","targetHints":{"allow":["GET"]}}],"collection":[{"href":"https:\/\/elinformante.mx\/index.php?rest_route=\/wp\/v2\/posts"}],"about":[{"href":"https:\/\/elinformante.mx\/index.php?rest_route=\/wp\/v2\/types\/post"}],"author":[{"embeddable":true,"href":"https:\/\/elinformante.mx\/index.php?rest_route=\/wp\/v2\/users\/1"}],"replies":[{"embeddable":true,"href":"https:\/\/elinformante.mx\/index.php?rest_route=%2Fwp%2Fv2%2Fcomments&post=104032"}],"version-history":[{"count":0,"href":"https:\/\/elinformante.mx\/index.php?rest_route=\/wp\/v2\/posts\/104032\/revisions"}],"wp:featuredmedia":[{"embeddable":true,"href":"https:\/\/elinformante.mx\/index.php?rest_route=\/wp\/v2\/media\/104035"}],"wp:attachment":[{"href":"https:\/\/elinformante.mx\/index.php?rest_route=%2Fwp%2Fv2%2Fmedia&parent=104032"}],"wp:term":[{"taxonomy":"category","embeddable":true,"href":"https:\/\/elinformante.mx\/index.php?rest_route=%2Fwp%2Fv2%2Fcategories&post=104032"},{"taxonomy":"post_tag","embeddable":true,"href":"https:\/\/elinformante.mx\/index.php?rest_route=%2Fwp%2Fv2%2Ftags&post=104032"}],"curies":[{"name":"wp","href":"https:\/\/api.w.org\/{rel}","templated":true}]}}