{"id":104043,"date":"2026-04-28T06:20:30","date_gmt":"2026-04-28T12:20:30","guid":{"rendered":"https:\/\/elinformante.mx\/?p=104043"},"modified":"2026-04-28T06:20:34","modified_gmt":"2026-04-28T12:20:34","slug":"presenta-rojo-de-la-vega-plan-para-recibir-visitantes-en-cuauhtemoc","status":"publish","type":"post","link":"https:\/\/elinformante.mx\/?p=104043","title":{"rendered":"Presenta Rojo de la Vega plan para recibir visitantes en Cuauht\u00e9moc"},"content":{"rendered":"\n<figure class=\"wp-block-pullquote\"><blockquote><p>La alcaldesa exhort\u00f3 a trabajar en coordinaci\u00f3n en beneficio de los habitantes de la demarcaci\u00f3n y quienes transitan a diario por ella.<\/p><\/blockquote><\/figure>\n\n\n\n<p class=\"has-drop-cap\">La alcaldesa de Cuauht\u00e9moc, Alessandra Rojo de la Vega Piccolo, encabez\u00f3 el primer Comit\u00e9 de Seguridad, en el que participan representantes de la Fiscal\u00eda General de Justicia (FGJ) y de la Secretar\u00eda de Seguridad Ciudadana (SSC), ambas instituciones de la Ciudad de M\u00e9xico (CDMX) y con quienes se implementar\u00e1n estrategias y soluciones para las denuncias ciudadanas de las y los habitantes de la demarcaci\u00f3n.<br><\/p>\n\n\n\n<p>Acompa\u00f1ada por integrantes de su gabinete, la edil enfatiz\u00f3 la importancia de estas mesas de trabajo con las autoridades responsables de la seguridad y procuraci\u00f3n de justicia de la CDMX.<br><\/p>\n\n\n\n<p>Ante los distintos jefes de sector de la SSC, y elementos de la Polic\u00eda de Investigaci\u00f3n (PDI) de la FGJ, Rojo de la Vega los conmin\u00f3 a trabajar en coordinaci\u00f3n para implementar una estrategia que construya la paz en la alcald\u00eda Cuauht\u00e9moc.<br><\/p>\n\n\n\n<p>\u201cLo que menos se necesita es estar peleando, discutiendo o poniendo por encima de los intereses de las y los vecinos, intereses pol\u00edticos y partidistas. Queremos invitar a que este Comit\u00e9 sea plural, que le demos la importancia que merece el tema\u201d.<br><\/p>\n\n\n\n<p>\u201cLe vamos a invertir en todo lo que nos toca, en la prevenci\u00f3n, en recuperar espacios p\u00fablicos, en plena coordinaci\u00f3n con los tres \u00f3rganos de Gobierno, y yo s\u00e9 que con esta manera lograremos construir esta paz que todos anhelamos\u201d, afirm\u00f3.<br><\/p>\n\n\n\n<p>Las y los representantes de las autoridades de la CDMX y de la alcald\u00eda acordaron llevar a cabo otras dos reuniones antes de que finalice el a\u00f1o en curso, para atender las necesidades de las y los habitantes de la alcald\u00eda Cuauht\u00e9moc, que durante la administraci\u00f3n pasada vivieron en un contexto de inseguridad y miedo.<\/p>\n","protected":false},"excerpt":{"rendered":"<p>La alcaldesa exhort\u00f3 a trabajar en coordinaci\u00f3n en beneficio de los habitantes de la demarcaci\u00f3n y quienes transitan a diario por ella. La alcaldesa de Cuauht\u00e9moc, Alessandra Rojo de la Vega Piccolo, encabez\u00f3 el primer Comit\u00e9 de Seguridad, en el que participan representantes de la Fiscal\u00eda General de Justicia (FGJ) y de la Secretar\u00eda de [&hellip;]<\/p>\n","protected":false},"author":1,"featured_media":104046,"comment_status":"closed","ping_status":"closed","sticky":false,"template":"","format":"standard","meta":{"footnotes":""},"categories":[35,30],"tags":[],"class_list":["post-104043","post","type-post","status-publish","format-standard","has-post-thumbnail","hentry","category-cdmx","category-destacado"],"_links":{"self":[{"href":"https:\/\/elinformante.mx\/index.php?rest_route=\/wp\/v2\/posts\/104043","targetHints":{"allow":["GET"]}}],"collection":[{"href":"https:\/\/elinformante.mx\/index.php?rest_route=\/wp\/v2\/posts"}],"about":[{"href":"https:\/\/elinformante.mx\/index.php?rest_route=\/wp\/v2\/types\/post"}],"author":[{"embeddable":true,"href":"https:\/\/elinformante.mx\/index.php?rest_route=\/wp\/v2\/users\/1"}],"replies":[{"embeddable":true,"href":"https:\/\/elinformante.mx\/index.php?rest_route=%2Fwp%2Fv2%2Fcomments&post=104043"}],"version-history":[{"count":0,"href":"https:\/\/elinformante.mx\/index.php?rest_route=\/wp\/v2\/posts\/104043\/revisions"}],"wp:featuredmedia":[{"embeddable":true,"href":"https:\/\/elinformante.mx\/index.php?rest_route=\/wp\/v2\/media\/104046"}],"wp:attachment":[{"href":"https:\/\/elinformante.mx\/index.php?rest_route=%2Fwp%2Fv2%2Fmedia&parent=104043"}],"wp:term":[{"taxonomy":"category","embeddable":true,"href":"https:\/\/elinformante.mx\/index.php?rest_route=%2Fwp%2Fv2%2Fcategories&post=104043"},{"taxonomy":"post_tag","embeddable":true,"href":"https:\/\/elinformante.mx\/index.php?rest_route=%2Fwp%2Fv2%2Ftags&post=104043"}],"curies":[{"name":"wp","href":"https:\/\/api.w.org\/{rel}","templated":true}]}}