{"id":104047,"date":"2026-04-28T06:22:32","date_gmt":"2026-04-28T12:22:32","guid":{"rendered":"https:\/\/elinformante.mx\/?p=104047"},"modified":"2026-04-28T06:22:37","modified_gmt":"2026-04-28T12:22:37","slug":"feria-de-los-museos-llegara-al-monumento-a-la-revolucion","status":"publish","type":"post","link":"https:\/\/elinformante.mx\/?p=104047","title":{"rendered":"Feria de los Museos llegar\u00e1 al monumento a la Revoluci\u00f3n"},"content":{"rendered":"\n<figure class=\"wp-block-pullquote\"><blockquote><p>-La programaci\u00f3n incluir\u00e1 charlas, teatro, narraci\u00f3n oral y m\u00fasica, en una jornada que busca fortalecer el v\u00ednculo entre la ciudadan\u00eda y el patrimonio cultural.<\/p><\/blockquote><\/figure>\n\n\n\n<p class=\"has-drop-cap\">En el marco del D\u00eda Internacional de los Museos 2026, m\u00e1s de 50 recintos p\u00fablicos, privados y universitarios participar\u00e1n en la cuarta Feria de los Museos del Centro Hist\u00f3rico, que se realizar\u00e1 el pr\u00f3ximo 17 de mayo, de 11:00 a 17:00 horas.<br><\/p>\n\n\n\n<p>Bajo el lema \u201cMuseos uniendo un mundo dividido\u201d, impulsado por el Consejo Internacional de Museos, el evento ofrecer\u00e1 talleres, actividades interactivas y presentaciones art\u00edsticas gratuitas, con el objetivo de acercar la cultura a la ciudadan\u00eda.<br><\/p>\n\n\n\n<p>Organizada por la Secretar\u00eda de Cultura de la Ciudad de M\u00e9xico, junto con la Autoridad y el Fideicomiso del Centro Hist\u00f3rico, la feria se ha consolidado desde 2023 como un espacio clave para difundir la riqueza patrimonial de la capital.<br><\/p>\n\n\n\n<p>Durante la presentaci\u00f3n, la secretaria de Cultura, Ana Francis L\u00f3pez Bayghen Pati\u00f1o, destac\u00f3 que los museos permiten reflexionar sobre la identidad y el futuro, mientras que autoridades locales subrayaron que en 2025 el evento reuni\u00f3 a m\u00e1s de 13 mil visitantes.<br><\/p>\n\n\n\n<p>Entre los espacios participantes destacan el Museo del Templo Mayor, el Museo de Arte Popular, el Museo Interactivo de Econom\u00eda y el Museo Nacional de la Revoluci\u00f3n.<br><\/p>\n\n\n\n<p>La programaci\u00f3n incluir\u00e1 charlas, teatro, narraci\u00f3n oral y m\u00fasica, en una jornada que busca fortalecer el v\u00ednculo entre la ciudadan\u00eda y el patrimonio cultural.<\/p>\n","protected":false},"excerpt":{"rendered":"<p>-La programaci\u00f3n incluir\u00e1 charlas, teatro, narraci\u00f3n oral y m\u00fasica, en una jornada que busca fortalecer el v\u00ednculo entre la ciudadan\u00eda y el patrimonio cultural. En el marco del D\u00eda Internacional de los Museos 2026, m\u00e1s de 50 recintos p\u00fablicos, privados y universitarios participar\u00e1n en la cuarta Feria de los Museos del Centro Hist\u00f3rico, que se [&hellip;]<\/p>\n","protected":false},"author":1,"featured_media":104049,"comment_status":"closed","ping_status":"closed","sticky":false,"template":"","format":"standard","meta":{"footnotes":""},"categories":[35],"tags":[],"class_list":["post-104047","post","type-post","status-publish","format-standard","has-post-thumbnail","hentry","category-cdmx"],"_links":{"self":[{"href":"https:\/\/elinformante.mx\/index.php?rest_route=\/wp\/v2\/posts\/104047","targetHints":{"allow":["GET"]}}],"collection":[{"href":"https:\/\/elinformante.mx\/index.php?rest_route=\/wp\/v2\/posts"}],"about":[{"href":"https:\/\/elinformante.mx\/index.php?rest_route=\/wp\/v2\/types\/post"}],"author":[{"embeddable":true,"href":"https:\/\/elinformante.mx\/index.php?rest_route=\/wp\/v2\/users\/1"}],"replies":[{"embeddable":true,"href":"https:\/\/elinformante.mx\/index.php?rest_route=%2Fwp%2Fv2%2Fcomments&post=104047"}],"version-history":[{"count":0,"href":"https:\/\/elinformante.mx\/index.php?rest_route=\/wp\/v2\/posts\/104047\/revisions"}],"wp:featuredmedia":[{"embeddable":true,"href":"https:\/\/elinformante.mx\/index.php?rest_route=\/wp\/v2\/media\/104049"}],"wp:attachment":[{"href":"https:\/\/elinformante.mx\/index.php?rest_route=%2Fwp%2Fv2%2Fmedia&parent=104047"}],"wp:term":[{"taxonomy":"category","embeddable":true,"href":"https:\/\/elinformante.mx\/index.php?rest_route=%2Fwp%2Fv2%2Fcategories&post=104047"},{"taxonomy":"post_tag","embeddable":true,"href":"https:\/\/elinformante.mx\/index.php?rest_route=%2Fwp%2Fv2%2Ftags&post=104047"}],"curies":[{"name":"wp","href":"https:\/\/api.w.org\/{rel}","templated":true}]}}