{"id":104056,"date":"2026-04-28T06:35:02","date_gmt":"2026-04-28T12:35:02","guid":{"rendered":"https:\/\/elinformante.mx\/?p=104056"},"modified":"2026-04-28T06:35:05","modified_gmt":"2026-04-28T12:35:05","slug":"zacatecas-da-inicio-a-la-primera-semana-nacional-de-vacunacion-2026","status":"publish","type":"post","link":"https:\/\/elinformante.mx\/?p=104056","title":{"rendered":"Zacatecas da inicio a la Primera Semana Nacional de Vacunaci\u00f3n 2026"},"content":{"rendered":"\n<figure class=\"wp-block-pullquote\"><blockquote><p>Las acciones se implementan del 25 de abril al 2 de mayo.<\/p><\/blockquote><\/figure>\n\n\n\n<p class=\"has-drop-cap\">El Gobernador David Monreal \u00c1vila encabez\u00f3 el acto protocolario de la Primera Semana Nacional de Vacunaci\u00f3n 2026, en Zacatecas, cuya atenci\u00f3n a la ciudadan\u00eda inici\u00f3 el s\u00e1bado 25 de abril y concluir\u00e1 el 2 de mayo.<br><\/p>\n\n\n\n<p>Durante el encuentro con medios de comunicaci\u00f3n denominado La Informativa de Zacatecas, el Jefe del Ejecutivo estatal inform\u00f3 las estrategias planteadas para este ejercicio, que beneficia a las familias de toda la entidad:<br><\/p>\n\n\n\n<ul class=\"wp-block-list\">\n<li>-Visitas a escuelas para completar esquemas de vacunaci\u00f3n.<br><\/li>\n\n\n\n<li>-Instalaci\u00f3n de puestos de vacunaci\u00f3n en lugares p\u00fablicos concurridos.<br><\/li>\n\n\n\n<li>-Barridos casa por casa<br><\/li>\n<\/ul>\n\n\n\n<p>Lo anterior, con la finalidad de mantener actualizados los esquemas de vacunaci\u00f3n en toda la poblaci\u00f3n, cuyas aplicaciones son de manera gratuita.<br><\/p>\n\n\n\n<p>Durante la campa\u00f1a se aplicar\u00e1n vacunas contra: Tuberculosis (BCG); Triple Viral, contra Sarampi\u00f3n, Rub\u00e9ola y Parotiditis (SRP); Doble Viral contra Sarampi\u00f3n y Rub\u00e9ola (SR); Difteria, Tosferina y T\u00e9tanos (DPT); Rotavirus; Neumococo; Hepatitis A; Hepatitis B y Virus Sincitial Respiratorio (VSR).<br><\/p>\n\n\n\n<p>El Gobernador David Monreal \u00c1vila, acompa\u00f1ado por el secretario de Salud, Uswaldo Pinedo Barrios, exhort\u00f3 a la ciudadan\u00eda de todas las edades para que se acerque a los m\u00f3dulos de vacunaci\u00f3n, a fin de que les sean aplicadas las vacunas que requieran para contar con su esquema completo de protecci\u00f3n.<br><\/p>\n\n\n\n<p>Durante la conferencia de prensa, dio a conocer la confirmaci\u00f3n, en la \u00faltima semana, de 15 nuevos casos de sarampi\u00f3n en la entidad, lo que suma 31 en lo que va de 2026.<br><\/p>\n\n\n\n<p>La mayor\u00eda de las personas contagiadas no contaban con su esquema completo de vacunaci\u00f3n; por ello, hizo un llamado a toda la ciudadan\u00eda para acudir a su unidad de salud m\u00e1s cercana, a fin de recibir el total de las vacunas necesarias, acorde a su grupo de edad.<\/p>\n","protected":false},"excerpt":{"rendered":"<p>Las acciones se implementan del 25 de abril al 2 de mayo. El Gobernador David Monreal \u00c1vila encabez\u00f3 el acto protocolario de la Primera Semana Nacional de Vacunaci\u00f3n 2026, en Zacatecas, cuya atenci\u00f3n a la ciudadan\u00eda inici\u00f3 el s\u00e1bado 25 de abril y concluir\u00e1 el 2 de mayo. Durante el encuentro con medios de comunicaci\u00f3n [&hellip;]<\/p>\n","protected":false},"author":1,"featured_media":104059,"comment_status":"closed","ping_status":"closed","sticky":false,"template":"","format":"standard","meta":{"footnotes":""},"categories":[30,34],"tags":[],"class_list":["post-104056","post","type-post","status-publish","format-standard","has-post-thumbnail","hentry","category-destacado","category-nacional"],"_links":{"self":[{"href":"https:\/\/elinformante.mx\/index.php?rest_route=\/wp\/v2\/posts\/104056","targetHints":{"allow":["GET"]}}],"collection":[{"href":"https:\/\/elinformante.mx\/index.php?rest_route=\/wp\/v2\/posts"}],"about":[{"href":"https:\/\/elinformante.mx\/index.php?rest_route=\/wp\/v2\/types\/post"}],"author":[{"embeddable":true,"href":"https:\/\/elinformante.mx\/index.php?rest_route=\/wp\/v2\/users\/1"}],"replies":[{"embeddable":true,"href":"https:\/\/elinformante.mx\/index.php?rest_route=%2Fwp%2Fv2%2Fcomments&post=104056"}],"version-history":[{"count":0,"href":"https:\/\/elinformante.mx\/index.php?rest_route=\/wp\/v2\/posts\/104056\/revisions"}],"wp:featuredmedia":[{"embeddable":true,"href":"https:\/\/elinformante.mx\/index.php?rest_route=\/wp\/v2\/media\/104059"}],"wp:attachment":[{"href":"https:\/\/elinformante.mx\/index.php?rest_route=%2Fwp%2Fv2%2Fmedia&parent=104056"}],"wp:term":[{"taxonomy":"category","embeddable":true,"href":"https:\/\/elinformante.mx\/index.php?rest_route=%2Fwp%2Fv2%2Fcategories&post=104056"},{"taxonomy":"post_tag","embeddable":true,"href":"https:\/\/elinformante.mx\/index.php?rest_route=%2Fwp%2Fv2%2Ftags&post=104056"}],"curies":[{"name":"wp","href":"https:\/\/api.w.org\/{rel}","templated":true}]}}