{"id":104060,"date":"2026-04-28T06:40:14","date_gmt":"2026-04-28T12:40:14","guid":{"rendered":"https:\/\/elinformante.mx\/?p=104060"},"modified":"2026-04-28T06:41:10","modified_gmt":"2026-04-28T12:41:10","slug":"ernestina-godoy-llama-a-fortalecer-la-paz-y-la-confianza-ciudadana-en-la-justicia","status":"publish","type":"post","link":"https:\/\/elinformante.mx\/?p=104060","title":{"rendered":"Ernestina Godoy llama a fortalecer la paz y la confianza ciudadana en la justicia"},"content":{"rendered":"\n<figure class=\"wp-block-pullquote\"><blockquote><p>La fiscal present\u00f3 el Plan de Procuraci\u00f3n de Justicia en el Senado, donde destac\u00f3 la coordinaci\u00f3n institucional y necesidad de no retrasar avances<\/p><\/blockquote><\/figure>\n\n\n\n<p class=\"has-drop-cap\">La titular de la Fiscal\u00eda General de la Rep\u00fablica, Ernestina Godoy, hizo un llamado a no perder tiempo en los esfuerzos para avanzar en la pacificaci\u00f3n del pa\u00eds, al presentar el Plan Estrat\u00e9gico de Procuraci\u00f3n de Justicia 2026-2029 ante la Comisi\u00f3n de Justicia del Senado de la Rep\u00fablica.<br><\/p>\n\n\n\n<p>Durante su intervenci\u00f3n, la fiscal general subray\u00f3 que M\u00e9xico cuenta actualmente con condiciones in\u00e9ditas para enfrentar al crimen, al destacar la existencia de un marco jur\u00eddico s\u00f3lido y una coordinaci\u00f3n institucional fortalecida.<br><\/p>\n\n\n\n<p>\u201cSabemos lo que ha costado llegar hasta aqu\u00ed, por lo que no debemos perder un minuto para seguir avanzando en la construcci\u00f3n de la paz y el bienestar de la poblaci\u00f3n\u201d, se\u00f1al\u00f3.<br><\/p>\n\n\n\n<p>Ernestina Godoy reconoci\u00f3 la persistencia de la llamada cifra negra en diversos delitos, por lo que enfatiz\u00f3 la importancia de fortalecer la confianza de la ciudadan\u00eda en las instituciones de procuraci\u00f3n de justicia, a fin de incentivar la denuncia.<br><\/p>\n\n\n\n<p>Indic\u00f3 que uno de los retos centrales es garantizar una atenci\u00f3n adecuada a las personas que acuden a las fiscal\u00edas, por lo que plante\u00f3 la necesidad de reorientar recursos y fortalecer las \u00e1reas de primer contacto con personal capacitado y sensible.<br><\/p>\n\n\n\n<p>Durante la reuni\u00f3n, legisladoras de oposici\u00f3n plantearon diversos se\u00f1alamientos. La senadora Alejandra Barrales solicit\u00f3 que la Fiscal\u00eda atraiga casos recientes de feminicidio ocurridos en la capital del pa\u00eds, mientras que la senadora Guadalupe Murgu\u00eda pidi\u00f3 atender la cifra negra de delitos y garantizar la autonom\u00eda de la instituci\u00f3n.<br><\/p>\n\n\n\n<p>Al t\u00e9rmino del encuentro, la Comisi\u00f3n de Justicia del Senado aval\u00f3 el Plan Estrat\u00e9gico de Procuraci\u00f3n de Justicia 2026-2029, el cual fue turnado a la Mesa Directiva para su discusi\u00f3n y eventual votaci\u00f3n en el pleno.<br><\/p>\n\n\n\n<p>Con este instrumento, la Fiscal\u00eda General de la Rep\u00fablica busca consolidar una estrategia integral que fortalezca el acceso a la justicia, mejore la atenci\u00f3n a v\u00edctimas y contribuya a la pacificaci\u00f3n del pa\u00eds.<\/p>\n","protected":false},"excerpt":{"rendered":"<p>La fiscal present\u00f3 el Plan de Procuraci\u00f3n de Justicia en el Senado, donde destac\u00f3 la coordinaci\u00f3n institucional y necesidad de no retrasar avances La titular de la Fiscal\u00eda General de la Rep\u00fablica, Ernestina Godoy, hizo un llamado a no perder tiempo en los esfuerzos para avanzar en la pacificaci\u00f3n del pa\u00eds, al presentar el Plan [&hellip;]<\/p>\n","protected":false},"author":1,"featured_media":104063,"comment_status":"closed","ping_status":"closed","sticky":false,"template":"","format":"standard","meta":{"footnotes":""},"categories":[30,34,31],"tags":[],"class_list":["post-104060","post","type-post","status-publish","format-standard","has-post-thumbnail","hentry","category-destacado","category-nacional","category-portada"],"_links":{"self":[{"href":"https:\/\/elinformante.mx\/index.php?rest_route=\/wp\/v2\/posts\/104060","targetHints":{"allow":["GET"]}}],"collection":[{"href":"https:\/\/elinformante.mx\/index.php?rest_route=\/wp\/v2\/posts"}],"about":[{"href":"https:\/\/elinformante.mx\/index.php?rest_route=\/wp\/v2\/types\/post"}],"author":[{"embeddable":true,"href":"https:\/\/elinformante.mx\/index.php?rest_route=\/wp\/v2\/users\/1"}],"replies":[{"embeddable":true,"href":"https:\/\/elinformante.mx\/index.php?rest_route=%2Fwp%2Fv2%2Fcomments&post=104060"}],"version-history":[{"count":0,"href":"https:\/\/elinformante.mx\/index.php?rest_route=\/wp\/v2\/posts\/104060\/revisions"}],"wp:featuredmedia":[{"embeddable":true,"href":"https:\/\/elinformante.mx\/index.php?rest_route=\/wp\/v2\/media\/104063"}],"wp:attachment":[{"href":"https:\/\/elinformante.mx\/index.php?rest_route=%2Fwp%2Fv2%2Fmedia&parent=104060"}],"wp:term":[{"taxonomy":"category","embeddable":true,"href":"https:\/\/elinformante.mx\/index.php?rest_route=%2Fwp%2Fv2%2Fcategories&post=104060"},{"taxonomy":"post_tag","embeddable":true,"href":"https:\/\/elinformante.mx\/index.php?rest_route=%2Fwp%2Fv2%2Ftags&post=104060"}],"curies":[{"name":"wp","href":"https:\/\/api.w.org\/{rel}","templated":true}]}}