{"id":104062,"date":"2026-04-28T06:44:34","date_gmt":"2026-04-28T12:44:34","guid":{"rendered":"https:\/\/elinformante.mx\/?p=104062"},"modified":"2026-04-28T06:44:54","modified_gmt":"2026-04-28T12:44:54","slug":"rosa-icela-rodriguez-inaugura-el-tianguis-turistico-en-acapulco","status":"publish","type":"post","link":"https:\/\/elinformante.mx\/?p=104062","title":{"rendered":"ROSA ICELA RODR\u00cdGUEZ INAUGURA EL TIANGUIS TUR\u00cdSTICO EN ACAPULCO"},"content":{"rendered":"\n<figure class=\"wp-block-pullquote\"><blockquote><p>La secretaria de Gobernaci\u00f3n destac\u00f3 la recuperaci\u00f3n del puerto y el fortalecimiento de la promoci\u00f3n de M\u00e9xico como destino competitivo a nivel internacional.<\/p><\/blockquote><\/figure>\n\n\n\n<p class=\"has-drop-cap\">Con un llamado firme a fortalecer la promoci\u00f3n tur\u00edstica de M\u00e9xico y consolidar la recuperaci\u00f3n de destinos estrat\u00e9gicos, la secretaria de Gobernaci\u00f3n, Rosa Icela Rodr\u00edguez, encabez\u00f3 la inauguraci\u00f3n de la edici\u00f3n n\u00famero 50 del Tianguis Tur\u00edstico, uno de los encuentros m\u00e1s relevantes para la industria a nivel nacional e internacional.<br><\/p>\n\n\n\n<p>Durante su intervenci\u00f3n, la titular de la Secretar\u00eda de Gobernaci\u00f3n subray\u00f3 la importancia de impulsar una estrategia integral que permita posicionar a M\u00e9xico como un destino competitivo en el mercado global, destacando la coordinaci\u00f3n entre los distintos \u00f3rdenes de gobierno y la iniciativa privada para potenciar el desarrollo del sector.<br><\/p>\n\n\n\n<p>Se reconoci\u00f3 la labor de la secretaria de Turismo, Josefina Rodr\u00edguez, por su contribuci\u00f3n al fortalecimiento de la proyecci\u00f3n internacional del pa\u00eds, as\u00ed como por las acciones implementadas para diversificar la oferta tur\u00edstica nacional y atraer nuevas inversiones.<br><\/p>\n\n\n\n<p>El evento reuni\u00f3 a autoridades federales, estatales y municipales, as\u00ed como a representantes del sector empresarial y tur\u00edstico, entre ellos la gobernadora de Guerrero, Evelyn Salgado, quienes coincidieron en que el Tianguis Tur\u00edstico representa una plataforma clave para la generaci\u00f3n de alianzas estrat\u00e9gicas, la promoci\u00f3n de destinos y la reactivaci\u00f3n econ\u00f3mica.<br><\/p>\n\n\n\n<figure class=\"wp-block-image size-large\"><img fetchpriority=\"high\" decoding=\"async\" width=\"1024\" height=\"506\" src=\"https:\/\/elinformante.mx\/wp-content\/uploads\/2026\/04\/9ROSA-1024x506.jpg\" alt=\"\" class=\"wp-image-104065\" srcset=\"https:\/\/elinformante.mx\/wp-content\/uploads\/2026\/04\/9ROSA-1024x506.jpg 1024w, https:\/\/elinformante.mx\/wp-content\/uploads\/2026\/04\/9ROSA-300x148.jpg 300w, https:\/\/elinformante.mx\/wp-content\/uploads\/2026\/04\/9ROSA-768x379.jpg 768w, https:\/\/elinformante.mx\/wp-content\/uploads\/2026\/04\/9ROSA.jpg 1140w\" sizes=\"(max-width: 1024px) 100vw, 1024px\" \/><\/figure>\n\n\n\n<p>La elecci\u00f3n de Acapulco como sede de esta edici\u00f3n conmemorativa cobra especial relevancia al consolidarse como s\u00edmbolo de resiliencia y recuperaci\u00f3n. Autoridades destacaron que el puerto ha logrado reposicionarse gracias al trabajo coordinado y a la implementaci\u00f3n de acciones orientadas a la rehabilitaci\u00f3n de su infraestructura y servicios tur\u00edsticos.<br><\/p>\n\n\n\n<p>A lo largo de la inauguraci\u00f3n, se resalt\u00f3 la riqueza y diversidad de la oferta tur\u00edstica del pa\u00eds, que incluye playas, ciudades coloniales, zonas arqueol\u00f3gicas y Pueblos M\u00e1gicos, elementos que consolidan a M\u00e9xico como uno de los destinos m\u00e1s atractivos del mundo.<br><\/p>\n\n\n\n<p>La edici\u00f3n n\u00famero 50 del Tianguis Tur\u00edstico busca fortalecer la vinculaci\u00f3n comercial, promover la riqueza cultural, gastron\u00f3mica y natural del pa\u00eds, y proyectar a M\u00e9xico ante mercados internacionales, con la participaci\u00f3n de delegaciones de diversos pa\u00edses.<br><\/p>\n\n\n\n<p>Finalmente, las autoridades hicieron un llamado a continuar enlazando destinos y a sumar esfuerzos entre todos los actores del sector para atraer a millones de visitantes, consolidando al turismo como uno de los pilares fundamentales de la econom\u00eda nacional.<\/p>\n\n\n\n<figure class=\"wp-block-image size-large\"><img decoding=\"async\" width=\"1024\" height=\"506\" src=\"https:\/\/elinformante.mx\/wp-content\/uploads\/2026\/04\/9ROSA-3-1024x506.jpg\" alt=\"\" class=\"wp-image-104066\" srcset=\"https:\/\/elinformante.mx\/wp-content\/uploads\/2026\/04\/9ROSA-3-1024x506.jpg 1024w, https:\/\/elinformante.mx\/wp-content\/uploads\/2026\/04\/9ROSA-3-300x148.jpg 300w, https:\/\/elinformante.mx\/wp-content\/uploads\/2026\/04\/9ROSA-3-768x379.jpg 768w, https:\/\/elinformante.mx\/wp-content\/uploads\/2026\/04\/9ROSA-3.jpg 1140w\" sizes=\"(max-width: 1024px) 100vw, 1024px\" \/><\/figure>\n","protected":false},"excerpt":{"rendered":"<p>La secretaria de Gobernaci\u00f3n destac\u00f3 la recuperaci\u00f3n del puerto y el fortalecimiento de la promoci\u00f3n de M\u00e9xico como destino competitivo a nivel internacional. Con un llamado firme a fortalecer la promoci\u00f3n tur\u00edstica de M\u00e9xico y consolidar la recuperaci\u00f3n de destinos estrat\u00e9gicos, la secretaria de Gobernaci\u00f3n, Rosa Icela Rodr\u00edguez, encabez\u00f3 la inauguraci\u00f3n de la edici\u00f3n n\u00famero [&hellip;]<\/p>\n","protected":false},"author":1,"featured_media":104064,"comment_status":"closed","ping_status":"closed","sticky":false,"template":"","format":"standard","meta":{"footnotes":""},"categories":[30,34,31],"tags":[47],"class_list":["post-104062","post","type-post","status-publish","format-standard","has-post-thumbnail","hentry","category-destacado","category-nacional","category-portada","tag-portadanacional"],"_links":{"self":[{"href":"https:\/\/elinformante.mx\/index.php?rest_route=\/wp\/v2\/posts\/104062","targetHints":{"allow":["GET"]}}],"collection":[{"href":"https:\/\/elinformante.mx\/index.php?rest_route=\/wp\/v2\/posts"}],"about":[{"href":"https:\/\/elinformante.mx\/index.php?rest_route=\/wp\/v2\/types\/post"}],"author":[{"embeddable":true,"href":"https:\/\/elinformante.mx\/index.php?rest_route=\/wp\/v2\/users\/1"}],"replies":[{"embeddable":true,"href":"https:\/\/elinformante.mx\/index.php?rest_route=%2Fwp%2Fv2%2Fcomments&post=104062"}],"version-history":[{"count":0,"href":"https:\/\/elinformante.mx\/index.php?rest_route=\/wp\/v2\/posts\/104062\/revisions"}],"wp:featuredmedia":[{"embeddable":true,"href":"https:\/\/elinformante.mx\/index.php?rest_route=\/wp\/v2\/media\/104064"}],"wp:attachment":[{"href":"https:\/\/elinformante.mx\/index.php?rest_route=%2Fwp%2Fv2%2Fmedia&parent=104062"}],"wp:term":[{"taxonomy":"category","embeddable":true,"href":"https:\/\/elinformante.mx\/index.php?rest_route=%2Fwp%2Fv2%2Fcategories&post=104062"},{"taxonomy":"post_tag","embeddable":true,"href":"https:\/\/elinformante.mx\/index.php?rest_route=%2Fwp%2Fv2%2Ftags&post=104062"}],"curies":[{"name":"wp","href":"https:\/\/api.w.org\/{rel}","templated":true}]}}