{"id":104067,"date":"2026-04-28T09:55:30","date_gmt":"2026-04-28T15:55:30","guid":{"rendered":"https:\/\/elinformante.mx\/?p=104067"},"modified":"2026-04-28T09:55:39","modified_gmt":"2026-04-28T15:55:39","slug":"aguirre-destapa-primera-convocatoria-del-tri-para-el-mundial-2026","status":"publish","type":"post","link":"https:\/\/elinformante.mx\/?p=104067","title":{"rendered":"Aguirre destapa primera convocatoria del Tri para el Mundial 2026"},"content":{"rendered":"\n<p>El t\u00e9cnico de la Selecci\u00f3n Mexicana, Javier Aguirre, dio a conocer su primera lista de convocados rumbo a la Copa del Mundo 2026, integrada exclusivamente por jugadores de la Liga MX, con miras a iniciar una concentraci\u00f3n prolongada a partir del 6 de mayo.<\/p>\n\n\n\n<p>El llamado incluye a 12 futbolistas que no participar\u00e1n en la Liguilla del Clausura 2026, como parte de un acuerdo entre la Federaci\u00f3n y los clubes del futbol mexicano, con el objetivo de priorizar la preparaci\u00f3n del equipo nacional de cara al torneo m\u00e1s importante del mundo.<\/p>\n\n\n\n<p>Entre los convocados destacan nombres como Ra\u00fal Rangel, Carlos Acevedo, Alexis Vega y Guillermo Mart\u00ednez, quienes buscar\u00e1n consolidarse en el proceso. En defensa, figuras como Israel Reyes y Jes\u00fas Gallardo tambi\u00e9n figuran como piezas clave dentro del esquema del \u201cVasco\u201d.<\/p>\n\n\n\n<figure class=\"wp-block-embed aligncenter is-type-rich is-provider-twitter wp-block-embed-twitter\"><div class=\"wp-block-embed__wrapper\">\n<blockquote class=\"twitter-tweet\" data-width=\"550\" data-dnt=\"true\"><p lang=\"es\" dir=\"ltr\">\ud83d\udea8 TENEMOS CONVOCATORIA DE LIGA MX<br><br>Javier Aguirre dio a conocer la lista de jugadores para iniciar concentraci\u00f3n el 6 de mayo.<br><br>*Se suman los sparrings: <br>\u00d3scar Garc\u00eda<br>Luis Rey<br>Eduardo \u00c1guila<br>Jes\u00fas G\u00f3mez<br>Denzell Garc\u00eda<br>Iker Fimbres <br>Jairo Torres<br>Kevin Casta\u00f1eda <a href=\"https:\/\/t.co\/MP5n3NUvze\">pic.twitter.com\/MP5n3NUvze<\/a><\/p>&mdash; ESPN.com.mx (@ESPNmx) <a href=\"https:\/\/twitter.com\/ESPNmx\/status\/2049129666867314934?ref_src=twsrc%5Etfw\">April 28, 2026<\/a><\/blockquote><script async src=\"https:\/\/platform.twitter.com\/widgets.js\" charset=\"utf-8\"><\/script>\n<\/div><\/figure>\n\n\n\n<p>Adem\u00e1s, el cuerpo t\u00e9cnico integr\u00f3 un grupo de sparrings, conformado por j\u00f3venes futbolistas de equipos que no clasificaron a la fase final del torneo. Este grupo forma parte de un proyecto a futuro vinculado a Rafael M\u00e1rquez, quien tomar\u00e1 las riendas del equipo tras el Mundial.<\/p>\n\n\n\n<p>En cuanto a ausencias, destaca que jugadores mexicanos que militan en el extranjero no fueron considerados en esta primera lista, aunque se espera su incorporaci\u00f3n en la convocatoria final que ser\u00e1 entregada el 1 de junio, a pocos d\u00edas del inicio del Mundial.<\/p>\n\n\n\n<p>Tambi\u00e9n permanece en el aire la situaci\u00f3n de Guillermo Ochoa, quien podr\u00eda ser incluido m\u00e1s adelante pese a no haber tenido actividad reciente con el Tri.<\/p>\n\n\n\n<p>La Selecci\u00f3n Mexicana tendr\u00e1 m\u00e1s de 30 d\u00edas de preparaci\u00f3n antes de su debut en el torneo, en una estrategia que busca llegar en \u00f3ptimas condiciones a una Copa del Mundo que se disputar\u00e1 en casa, junto a Estados Unidos y Canad\u00e1.<\/p>\n","protected":false},"excerpt":{"rendered":"<p>El t\u00e9cnico de la Selecci\u00f3n Mexicana, Javier Aguirre, dio a conocer su primera lista de convocados rumbo a la Copa del Mundo 2026, integrada exclusivamente por jugadores de la Liga MX, con miras a iniciar una concentraci\u00f3n prolongada a partir del 6 de mayo. El llamado incluye a 12 futbolistas que no participar\u00e1n en la [&hellip;]<\/p>\n","protected":false},"author":2,"featured_media":104068,"comment_status":"closed","ping_status":"closed","sticky":false,"template":"","format":"standard","meta":{"footnotes":""},"categories":[38,34],"tags":[1074,1075,413,184,187,1076,282,203,1073,183],"class_list":["post-104067","post","type-post","status-publish","format-standard","has-post-thumbnail","hentry","category-deportes","category-nacional","tag-convocatoria","tag-copa-del-mundo","tag-futbol-mexicano-2","tag-guillermo-ochoa","tag-javier-aguirre","tag-jugadores","tag-liga-mx","tag-mundial-2026","tag-rafael-marquez","tag-seleccion-mexicana"],"_links":{"self":[{"href":"https:\/\/elinformante.mx\/index.php?rest_route=\/wp\/v2\/posts\/104067","targetHints":{"allow":["GET"]}}],"collection":[{"href":"https:\/\/elinformante.mx\/index.php?rest_route=\/wp\/v2\/posts"}],"about":[{"href":"https:\/\/elinformante.mx\/index.php?rest_route=\/wp\/v2\/types\/post"}],"author":[{"embeddable":true,"href":"https:\/\/elinformante.mx\/index.php?rest_route=\/wp\/v2\/users\/2"}],"replies":[{"embeddable":true,"href":"https:\/\/elinformante.mx\/index.php?rest_route=%2Fwp%2Fv2%2Fcomments&post=104067"}],"version-history":[{"count":0,"href":"https:\/\/elinformante.mx\/index.php?rest_route=\/wp\/v2\/posts\/104067\/revisions"}],"wp:featuredmedia":[{"embeddable":true,"href":"https:\/\/elinformante.mx\/index.php?rest_route=\/wp\/v2\/media\/104068"}],"wp:attachment":[{"href":"https:\/\/elinformante.mx\/index.php?rest_route=%2Fwp%2Fv2%2Fmedia&parent=104067"}],"wp:term":[{"taxonomy":"category","embeddable":true,"href":"https:\/\/elinformante.mx\/index.php?rest_route=%2Fwp%2Fv2%2Fcategories&post=104067"},{"taxonomy":"post_tag","embeddable":true,"href":"https:\/\/elinformante.mx\/index.php?rest_route=%2Fwp%2Fv2%2Ftags&post=104067"}],"curies":[{"name":"wp","href":"https:\/\/api.w.org\/{rel}","templated":true}]}}