{"id":104075,"date":"2026-04-28T12:52:34","date_gmt":"2026-04-28T18:52:34","guid":{"rendered":"https:\/\/elinformante.mx\/?p=104075"},"modified":"2026-04-28T13:11:18","modified_gmt":"2026-04-28T19:11:18","slug":"laura-pausini-enciende-alarmas-tras-usar-oxigeno-en-pleno-concierto","status":"publish","type":"post","link":"https:\/\/elinformante.mx\/?p=104075","title":{"rendered":"Laura Pausini enciende alarmas tras usar ox\u00edgeno en pleno concierto"},"content":{"rendered":"\n<p>La cantante italiana Laura Pausini gener\u00f3 preocupaci\u00f3n entre sus seguidores luego de presentar dificultades para respirar durante su concierto en Quito, Ecuador, como parte de su gira internacional.<\/p>\n\n\n\n<p>El incidente ocurri\u00f3 en el Coliseo General Rumi\u00f1ahui, donde la int\u00e9rprete tuvo que detener moment\u00e1neamente su presentaci\u00f3n al experimentar malestar respiratorio, lo que oblig\u00f3 a su equipo a asistirla de inmediato con una mascarilla de ox\u00edgeno.<\/p>\n\n\n\n<figure class=\"wp-block-embed is-type-rich is-provider-twitter wp-block-embed-twitter\"><div class=\"wp-block-embed__wrapper\">\n<blockquote class=\"twitter-tweet\" data-width=\"550\" data-dnt=\"true\"><p lang=\"es\" dir=\"ltr\">Laura Pausini se present\u00f3 en Quito y, en medio del show, hizo una breve pausa para recibir ox\u00edgeno debido a la altura. Luego continu\u00f3 el concierto entre aplausos del p\u00fablico. <a href=\"https:\/\/t.co\/rbesHco654\">pic.twitter.com\/rbesHco654<\/a><\/p>&mdash; Gaby Jurado Calvo (@GabyJuradoCalvo) <a href=\"https:\/\/twitter.com\/GabyJuradoCalvo\/status\/2048014228229910921?ref_src=twsrc%5Etfw\">April 25, 2026<\/a><\/blockquote><script async src=\"https:\/\/platform.twitter.com\/widgets.js\" charset=\"utf-8\"><\/script>\n<\/div><\/figure>\n\n\n\n<p>Las im\u00e1genes del momento se viralizaron r\u00e1pidamente en redes sociales, mostrando a la artista visiblemente afectada. Sin embargo, fiel a su estilo, Pausini manej\u00f3 la situaci\u00f3n con calma e incluso hizo comentarios que relajaron al p\u00fablico mientras recib\u00eda atenci\u00f3n.<\/p>\n\n\n\n<p>De acuerdo con reportes, la causa del episodio estar\u00eda relacionada con la altitud de la ciudad, ya que Quito se encuentra a m\u00e1s de 2,800 metros sobre el nivel del mar, lo que puede provocar dificultades respiratorias incluso en personas saludables.<\/p>\n\n\n\n<p>A pesar del susto, no se han reportado complicaciones mayores en la salud de la cantante, quien se encuentra estable y continuar\u00e1 con su gira, incluyendo pr\u00f3ximas presentaciones en M\u00e9xico.<\/p>\n","protected":false},"excerpt":{"rendered":"<p>La cantante italiana Laura Pausini gener\u00f3 preocupaci\u00f3n entre sus seguidores luego de presentar dificultades para respirar durante su concierto en Quito, Ecuador, como parte de su gira internacional. El incidente ocurri\u00f3 en el Coliseo General Rumi\u00f1ahui, donde la int\u00e9rprete tuvo que detener moment\u00e1neamente su presentaci\u00f3n al experimentar malestar respiratorio, lo que oblig\u00f3 a su equipo [&hellip;]<\/p>\n","protected":false},"author":2,"featured_media":104076,"comment_status":"closed","ping_status":"closed","sticky":false,"template":"","format":"standard","meta":{"footnotes":""},"categories":[39],"tags":[1085,886,888,1084,1083,1086,1081,1080,964,1082],"class_list":["post-104075","post","type-post","status-publish","format-standard","has-post-thumbnail","hentry","category-espectaculos","tag-artistas-internacionales","tag-concierto","tag-espectaculo","tag-gira-musical","tag-laura-pausini","tag-musica","tag-oxigeno","tag-quito","tag-salud","tag-yo-canto-world-tour"],"_links":{"self":[{"href":"https:\/\/elinformante.mx\/index.php?rest_route=\/wp\/v2\/posts\/104075","targetHints":{"allow":["GET"]}}],"collection":[{"href":"https:\/\/elinformante.mx\/index.php?rest_route=\/wp\/v2\/posts"}],"about":[{"href":"https:\/\/elinformante.mx\/index.php?rest_route=\/wp\/v2\/types\/post"}],"author":[{"embeddable":true,"href":"https:\/\/elinformante.mx\/index.php?rest_route=\/wp\/v2\/users\/2"}],"replies":[{"embeddable":true,"href":"https:\/\/elinformante.mx\/index.php?rest_route=%2Fwp%2Fv2%2Fcomments&post=104075"}],"version-history":[{"count":0,"href":"https:\/\/elinformante.mx\/index.php?rest_route=\/wp\/v2\/posts\/104075\/revisions"}],"wp:featuredmedia":[{"embeddable":true,"href":"https:\/\/elinformante.mx\/index.php?rest_route=\/wp\/v2\/media\/104076"}],"wp:attachment":[{"href":"https:\/\/elinformante.mx\/index.php?rest_route=%2Fwp%2Fv2%2Fmedia&parent=104075"}],"wp:term":[{"taxonomy":"category","embeddable":true,"href":"https:\/\/elinformante.mx\/index.php?rest_route=%2Fwp%2Fv2%2Fcategories&post=104075"},{"taxonomy":"post_tag","embeddable":true,"href":"https:\/\/elinformante.mx\/index.php?rest_route=%2Fwp%2Fv2%2Ftags&post=104075"}],"curies":[{"name":"wp","href":"https:\/\/api.w.org\/{rel}","templated":true}]}}