{"id":104079,"date":"2026-04-28T16:04:26","date_gmt":"2026-04-28T22:04:26","guid":{"rendered":"https:\/\/elinformante.mx\/?p=104079"},"modified":"2026-04-28T16:04:30","modified_gmt":"2026-04-28T22:04:30","slug":"jose-ron-confirma-ruptura-y-salida-de-lizy-martinez-de-su-banda-musical","status":"publish","type":"post","link":"https:\/\/elinformante.mx\/?p=104079","title":{"rendered":"Jos\u00e9 Ron confirma ruptura y salida de Lizy Mart\u00ednez de su banda musical"},"content":{"rendered":"\n<p>El actor Jos\u00e9 Ron confirm\u00f3 su separaci\u00f3n de Lizy Mart\u00ednez, poniendo fin a una relaci\u00f3n de aproximadamente un a\u00f1o que hab\u00eda ganado popularidad en el mundo del espect\u00e1culo.<\/p>\n\n\n\n<p>En entrevista con el programa Hoy, el protagonista de telenovelas explic\u00f3 que la ruptura fue una decisi\u00f3n mutua y tomada de manera consciente, sin revelar detalles espec\u00edficos sobre las causas que llevaron al fin de su relaci\u00f3n.<\/p>\n\n\n\n<p>Horas despu\u00e9s del anuncio, tambi\u00e9n se dio a conocer que Lizy Mart\u00ednez dejar\u00e1 de formar parte de la banda Koktel, proyecto musical encabezado por el actor, lo que gener\u00f3 especulaci\u00f3n entre seguidores sobre una posible relaci\u00f3n entre ambos hechos.<\/p>\n\n\n\n<p>Sin embargo, Jos\u00e9 Ron aclar\u00f3 que la salida de su ex pareja de la agrupaci\u00f3n no est\u00e1 vinculada directamente con la ruptura sentimental, sino que responde a una decisi\u00f3n personal de la cantante para enfocarse en nuevos proyectos profesionales.<\/p>\n\n\n\n<p>El actor tambi\u00e9n destac\u00f3 que, pese a la separaci\u00f3n, mantienen una relaci\u00f3n cordial basada en el respeto y el cari\u00f1o, asegurando que continuar\u00e1n apoy\u00e1ndose en sus respectivas carreras.<\/p>\n\n\n\n<p>La noticia ha generado diversas reacciones en redes sociales, donde seguidores lamentan el fin de la relaci\u00f3n, pero reconocen la madurez con la que ambos han manejado la situaci\u00f3n.<\/p>\n","protected":false},"excerpt":{"rendered":"<p>El actor Jos\u00e9 Ron confirm\u00f3 su separaci\u00f3n de Lizy Mart\u00ednez, poniendo fin a una relaci\u00f3n de aproximadamente un a\u00f1o que hab\u00eda ganado popularidad en el mundo del espect\u00e1culo. En entrevista con el programa Hoy, el protagonista de telenovelas explic\u00f3 que la ruptura fue una decisi\u00f3n mutua y tomada de manera consciente, sin revelar detalles espec\u00edficos [&hellip;]<\/p>\n","protected":false},"author":2,"featured_media":104080,"comment_status":"closed","ping_status":"closed","sticky":false,"template":"","format":"standard","meta":{"footnotes":""},"categories":[39],"tags":[912,1088,281,888,1087,1091,1086,1090,1089,909],"class_list":["post-104079","post","type-post","status-publish","format-standard","has-post-thumbnail","hentry","category-espectaculos","tag-actores-mexicanos","tag-coctel","tag-entretenimiento","tag-espectaculo","tag-jose-ron","tag-lizy-martinez","tag-musica","tag-relaciones","tag-ruptura","tag-telenovelas"],"_links":{"self":[{"href":"https:\/\/elinformante.mx\/index.php?rest_route=\/wp\/v2\/posts\/104079","targetHints":{"allow":["GET"]}}],"collection":[{"href":"https:\/\/elinformante.mx\/index.php?rest_route=\/wp\/v2\/posts"}],"about":[{"href":"https:\/\/elinformante.mx\/index.php?rest_route=\/wp\/v2\/types\/post"}],"author":[{"embeddable":true,"href":"https:\/\/elinformante.mx\/index.php?rest_route=\/wp\/v2\/users\/2"}],"replies":[{"embeddable":true,"href":"https:\/\/elinformante.mx\/index.php?rest_route=%2Fwp%2Fv2%2Fcomments&post=104079"}],"version-history":[{"count":0,"href":"https:\/\/elinformante.mx\/index.php?rest_route=\/wp\/v2\/posts\/104079\/revisions"}],"wp:featuredmedia":[{"embeddable":true,"href":"https:\/\/elinformante.mx\/index.php?rest_route=\/wp\/v2\/media\/104080"}],"wp:attachment":[{"href":"https:\/\/elinformante.mx\/index.php?rest_route=%2Fwp%2Fv2%2Fmedia&parent=104079"}],"wp:term":[{"taxonomy":"category","embeddable":true,"href":"https:\/\/elinformante.mx\/index.php?rest_route=%2Fwp%2Fv2%2Fcategories&post=104079"},{"taxonomy":"post_tag","embeddable":true,"href":"https:\/\/elinformante.mx\/index.php?rest_route=%2Fwp%2Fv2%2Ftags&post=104079"}],"curies":[{"name":"wp","href":"https:\/\/api.w.org\/{rel}","templated":true}]}}