{"id":104086,"date":"2026-04-29T05:30:15","date_gmt":"2026-04-29T11:30:15","guid":{"rendered":"https:\/\/elinformante.mx\/?p=104086"},"modified":"2026-04-29T05:30:20","modified_gmt":"2026-04-29T11:30:20","slug":"jimmy-kimmel-se-defiende-tras-polemica-con-melania-trump-fue-una-broma","status":"publish","type":"post","link":"https:\/\/elinformante.mx\/?p=104086","title":{"rendered":"Jimmy Kimmel se defiende tras pol\u00e9mica con Melania Trump: \u201cFue una broma\u201d"},"content":{"rendered":"\n<figure class=\"wp-block-pullquote\"><blockquote><p>El conductor neg\u00f3 haber incitado a la violencia y asegur\u00f3 que su comentario fue malinterpretado.<\/p><\/blockquote><\/figure>\n\n\n\n<p class=\"has-drop-cap\">El conductor estadounidense Jimmy Kimmel respondi\u00f3 a la controversia generada por un comentario sobre Melania Trump, asegurando que se trat\u00f3 de una \u201cbroma muy ligera\u201d y rechazando cualquier interpretaci\u00f3n que sugiera una incitaci\u00f3n a la violencia.<br><\/p>\n\n\n\n<p>Durante su programa Jimmy Kimmel Live!, el comediante explic\u00f3 que la frase en la que describi\u00f3 a la primera dama como \u201cuna viuda expectante\u201d hac\u00eda referencia \u00fanicamente a la diferencia de edad entre ella y el presidente Donald Trump, y no a un contexto violento.<br><\/p>\n\n\n\n<p>La pol\u00e9mica escal\u00f3 luego de que el propio Trump exigiera p\u00fablicamente que la cadena ABC y su empresa matriz, Disney, despidieran al conductor por considerar que sus palabras eran inapropiadas. Melania Trump tambi\u00e9n calific\u00f3 los comentarios como \u201ccorrosivos\u201d.<br><\/p>\n\n\n\n<p>El debate se intensific\u00f3 tras un incidente armado ocurrido durante un evento en Washington, lo que llev\u00f3 a algunos sectores a vincular, sin pruebas, el tono del comentario con el clima de tensi\u00f3n pol\u00edtica.<br><\/p>\n\n\n\n<p>Kimmel expres\u00f3 su solidaridad con los afectados por el incidente, pero subray\u00f3 que una broma emitida d\u00edas antes no tiene relaci\u00f3n con hechos de violencia. Adem\u00e1s, defendi\u00f3 la libertad de expresi\u00f3n en el \u00e1mbito del entretenimiento, un tema que ha generado opiniones divididas en la opini\u00f3n p\u00fablica.<\/p>\n","protected":false},"excerpt":{"rendered":"<p>El conductor neg\u00f3 haber incitado a la violencia y asegur\u00f3 que su comentario fue malinterpretado. El conductor estadounidense Jimmy Kimmel respondi\u00f3 a la controversia generada por un comentario sobre Melania Trump, asegurando que se trat\u00f3 de una \u201cbroma muy ligera\u201d y rechazando cualquier interpretaci\u00f3n que sugiera una incitaci\u00f3n a la violencia. Durante su programa Jimmy [&hellip;]<\/p>\n","protected":false},"author":1,"featured_media":104091,"comment_status":"closed","ping_status":"closed","sticky":false,"template":"","format":"standard","meta":{"footnotes":""},"categories":[30,39],"tags":[],"class_list":["post-104086","post","type-post","status-publish","format-standard","has-post-thumbnail","hentry","category-destacado","category-espectaculos"],"_links":{"self":[{"href":"https:\/\/elinformante.mx\/index.php?rest_route=\/wp\/v2\/posts\/104086","targetHints":{"allow":["GET"]}}],"collection":[{"href":"https:\/\/elinformante.mx\/index.php?rest_route=\/wp\/v2\/posts"}],"about":[{"href":"https:\/\/elinformante.mx\/index.php?rest_route=\/wp\/v2\/types\/post"}],"author":[{"embeddable":true,"href":"https:\/\/elinformante.mx\/index.php?rest_route=\/wp\/v2\/users\/1"}],"replies":[{"embeddable":true,"href":"https:\/\/elinformante.mx\/index.php?rest_route=%2Fwp%2Fv2%2Fcomments&post=104086"}],"version-history":[{"count":0,"href":"https:\/\/elinformante.mx\/index.php?rest_route=\/wp\/v2\/posts\/104086\/revisions"}],"wp:featuredmedia":[{"embeddable":true,"href":"https:\/\/elinformante.mx\/index.php?rest_route=\/wp\/v2\/media\/104091"}],"wp:attachment":[{"href":"https:\/\/elinformante.mx\/index.php?rest_route=%2Fwp%2Fv2%2Fmedia&parent=104086"}],"wp:term":[{"taxonomy":"category","embeddable":true,"href":"https:\/\/elinformante.mx\/index.php?rest_route=%2Fwp%2Fv2%2Fcategories&post=104086"},{"taxonomy":"post_tag","embeddable":true,"href":"https:\/\/elinformante.mx\/index.php?rest_route=%2Fwp%2Fv2%2Ftags&post=104086"}],"curies":[{"name":"wp","href":"https:\/\/api.w.org\/{rel}","templated":true}]}}