{"id":104092,"date":"2026-04-29T05:34:02","date_gmt":"2026-04-29T11:34:02","guid":{"rendered":"https:\/\/elinformante.mx\/?p=104092"},"modified":"2026-04-29T05:34:10","modified_gmt":"2026-04-29T11:34:10","slug":"aguirre-da-a-conocer-la-lista-inicial-para-el-mundial-2026","status":"publish","type":"post","link":"https:\/\/elinformante.mx\/?p=104092","title":{"rendered":"Aguirre da a conocer la lista inicial para el Mundial 2026"},"content":{"rendered":"\n<figure class=\"wp-block-pullquote\"><blockquote><p>Aguirre revel\u00f3 la lista con algunas grandes sorpresas. Los jugadores comenzar\u00e1n la concentraci\u00f3n el pr\u00f3ximo 6 de mayo.<\/p><\/blockquote><\/figure>\n\n\n\n<p class=\"has-drop-cap\">Con los ojos puestos en la Copa del Mundo y a menos de 50 d\u00edas del partido inaugural del torneo de la FIFA, el entrenador de la Selecci\u00f3n Mexicana, Javier Aguirre, anunci\u00f3 su lista inicial de jugadores convocados para el certamen de verano.<br><\/p>\n\n\n\n<p>Aguirre revel\u00f3 la lista con algunas grandes sorpresas. Los jugadores comenzar\u00e1n la concentraci\u00f3n el pr\u00f3ximo 6 de mayo y, salvo que ocurra alg\u00fan imprevisto como una lesi\u00f3n, est\u00e1n previstos para conformar la lista final.<br><\/p>\n\n\n\n<p>\u201cCabe se\u00f1alar que en esta lista aparecen 12 jugadores de Clubes de la LIGA MX que, con base en el acuerdo, est\u00e1n considerados para la integraci\u00f3n de la lista definitiva de la Copa del Mundo de la FIFA 2026\u201d, se puede leer en el comunicado de la Selecci\u00f3n Mexicana.<br><\/p>\n\n\n\n<p>Uno de los que m\u00e1s destaca es el llamado de Gilberto Mora, quien regresa recientemente tras su lesi\u00f3n y demostr\u00f3 buenos momentos con sus respectivos equipos. Ahora regresa a la convocatoria tras no jugar con el Tri desde noviembre del 2025.<br><\/p>\n\n\n\n<p>De igual forma, trascendi\u00f3 el llamado de Guillermo Mart\u00ednez, quien, al tener pocos minutos en el Tri, al final se col\u00f3 a la lista. Ante esto, la duda es qui\u00e9n quedar\u00e1 fuera, si Germ\u00e1n Berterame o Santiago Gim\u00e9nez, ya que Armando \u201cHormiga\u201d Gonz\u00e1lez tambi\u00e9n fue incluido.<br><\/p>\n\n\n\n<p>Los que sorprendi\u00f3, pero ahora por su ausencia, son Charly Rodr\u00edguez, quien hab\u00eda formado parte de todo el ciclo mundialista, y Marcel Ruiz, quien no est\u00e1 al cien f\u00edsicamente tras su lesi\u00f3n. Richard Ledezma tambi\u00e9n era uno de los jugadores que se esperaba pudiera pasar el corte final, pero que qued\u00f3 fuera.<br><\/p>\n\n\n\n<p>Javier Aguirre tambi\u00e9n incorpor\u00f3 a sparrings, jugadores de equipos que ya est\u00e1n eliminados del Clausura 2026. En total son ocho jugadores con seguimiento hacia el siguiente ciclo mundialista para fortalecer el grupo de trabajo de cara a los partidos de preparaci\u00f3n antes del Mundial.<br><\/p>\n\n\n\n<p>Estos jugadores, adem\u00e1s de pensar en la Copa del Mundo, tambi\u00e9n alistar\u00e1n los partidos amistosos de finales de mayo ante Ghana y Australia.<br><\/p>\n\n\n\n<p>Porteros: Ra\u00fal \u201cTala\u201d Rangel, Carlos Acevedo, \u00d3scar Garc\u00eda.Defensas: Israel Reyes, Jes\u00fas Gallardo, Luis Rey, Eduardo \u00c1guila, Jes\u00fas G\u00f3mez, Denzell Garc\u00eda.Medios: Erik Lira, Brian Guti\u00e9rrez, Gilberto Mora, Luis Romo, Roberto \u201cPiojo\u201d Alvarado, Iker Fimbres, Jairo Torres.Delanteros: Armando \u201cHormiga\u201d Gonz\u00e1lez, Alexis Vega, Guillermo Mart\u00ednez y Kevin Casta\u00f1eda.<\/p>\n","protected":false},"excerpt":{"rendered":"<p>Aguirre revel\u00f3 la lista con algunas grandes sorpresas. Los jugadores comenzar\u00e1n la concentraci\u00f3n el pr\u00f3ximo 6 de mayo. Con los ojos puestos en la Copa del Mundo y a menos de 50 d\u00edas del partido inaugural del torneo de la FIFA, el entrenador de la Selecci\u00f3n Mexicana, Javier Aguirre, anunci\u00f3 su lista inicial de jugadores [&hellip;]<\/p>\n","protected":false},"author":1,"featured_media":104095,"comment_status":"closed","ping_status":"closed","sticky":false,"template":"","format":"standard","meta":{"footnotes":""},"categories":[38,30],"tags":[],"class_list":["post-104092","post","type-post","status-publish","format-standard","has-post-thumbnail","hentry","category-deportes","category-destacado"],"_links":{"self":[{"href":"https:\/\/elinformante.mx\/index.php?rest_route=\/wp\/v2\/posts\/104092","targetHints":{"allow":["GET"]}}],"collection":[{"href":"https:\/\/elinformante.mx\/index.php?rest_route=\/wp\/v2\/posts"}],"about":[{"href":"https:\/\/elinformante.mx\/index.php?rest_route=\/wp\/v2\/types\/post"}],"author":[{"embeddable":true,"href":"https:\/\/elinformante.mx\/index.php?rest_route=\/wp\/v2\/users\/1"}],"replies":[{"embeddable":true,"href":"https:\/\/elinformante.mx\/index.php?rest_route=%2Fwp%2Fv2%2Fcomments&post=104092"}],"version-history":[{"count":0,"href":"https:\/\/elinformante.mx\/index.php?rest_route=\/wp\/v2\/posts\/104092\/revisions"}],"wp:featuredmedia":[{"embeddable":true,"href":"https:\/\/elinformante.mx\/index.php?rest_route=\/wp\/v2\/media\/104095"}],"wp:attachment":[{"href":"https:\/\/elinformante.mx\/index.php?rest_route=%2Fwp%2Fv2%2Fmedia&parent=104092"}],"wp:term":[{"taxonomy":"category","embeddable":true,"href":"https:\/\/elinformante.mx\/index.php?rest_route=%2Fwp%2Fv2%2Fcategories&post=104092"},{"taxonomy":"post_tag","embeddable":true,"href":"https:\/\/elinformante.mx\/index.php?rest_route=%2Fwp%2Fv2%2Ftags&post=104092"}],"curies":[{"name":"wp","href":"https:\/\/api.w.org\/{rel}","templated":true}]}}