{"id":104098,"date":"2026-04-29T05:39:16","date_gmt":"2026-04-29T11:39:16","guid":{"rendered":"https:\/\/elinformante.mx\/?p=104098"},"modified":"2026-04-29T05:39:19","modified_gmt":"2026-04-29T11:39:19","slug":"manuel-vilchis-encabeza-homenaje-al-pintor-pastor-velazquez-en-zinacantepec","status":"publish","type":"post","link":"https:\/\/elinformante.mx\/?p=104098","title":{"rendered":"Manuel Vilchis encabeza homenaje al pintor Pastor Vel\u00e1zquez en Zinacantepec"},"content":{"rendered":"\n<figure class=\"wp-block-pullquote\"><blockquote><p>Estuvo acompa\u00f1ado por integrantes del cuerpo edilicio, directores de la administraci\u00f3n municipal y familiares del homenajeado.<\/p><\/blockquote><\/figure>\n\n\n\n<p class=\"has-drop-cap\">En el marco del aniversario del natalicio del ilustre pintor y acuarelista Pastor Vel\u00e1zquez, el presidente municipal de Zinacantepec, Manuel Vilchis Viveros, encabez\u00f3 una serie de actos solemnes para honrar la memoria de quien es considerado uno de los pilares de la identidad cultural del municipio y un referente art\u00edstico a nivel nacional.<br><\/p>\n\n\n\n<p>La jornada conmemorativa inici\u00f3 en el Jard\u00edn Constituci\u00f3n, donde Vilchis Viveros estuvo acompa\u00f1ado por integrantes del cuerpo edilicio, directores de la administraci\u00f3n municipal y familiares del homenajeado, realiz\u00f3 una guardia de honor ante el busto del artista. Este acto simb\u00f3lico reafirm\u00f3 el respeto de la comunidad hacia la figura de Vel\u00e1zquez, cuya obra ha dejado una huella imborrable en el Estado de M\u00e9xico.<br><\/p>\n\n\n\n<p>Posteriormente, las autoridades se trasladaron al Museo Virreinal de Zinacantepec para llevar a cabo una ceremonia oficial. Durante el evento, se record\u00f3 la trayectoria del maestro, destacando c\u00f3mo su talento con la acuarela logr\u00f3 capturar la esencia de la vida mexicana, inspirando a m\u00faltiples generaciones de creadores.<br><\/p>\n\n\n\n<figure class=\"wp-block-image size-large\"><img fetchpriority=\"high\" decoding=\"async\" width=\"1024\" height=\"506\" src=\"https:\/\/elinformante.mx\/wp-content\/uploads\/2026\/04\/12zina-2-2-1024x506.jpg\" alt=\"\" class=\"wp-image-104102\" srcset=\"https:\/\/elinformante.mx\/wp-content\/uploads\/2026\/04\/12zina-2-2-1024x506.jpg 1024w, https:\/\/elinformante.mx\/wp-content\/uploads\/2026\/04\/12zina-2-2-300x148.jpg 300w, https:\/\/elinformante.mx\/wp-content\/uploads\/2026\/04\/12zina-2-2-768x379.jpg 768w, https:\/\/elinformante.mx\/wp-content\/uploads\/2026\/04\/12zina-2-2.jpg 1140w\" sizes=\"(max-width: 1024px) 100vw, 1024px\" \/><\/figure>\n\n\n\n<p>Como parte central del homenaje, Manuel Vilchis inaugur\u00f3 una muestra pict\u00f3rica que re\u00fane parte del talento del artista.<br><\/p>\n\n\n\n<p>\u201cHoy no solo recordamos a un gran creador, sino que reafirmamos nuestro compromiso de mantener viva nuestra cultura. Un pueblo que honra a sus artistas fortalece su identidad y asegura su futuro\u201d, expres\u00f3 el edil durante el corte de list\u00f3n.<br><\/p>\n\n\n\n<p>Con estas acciones, el Gobierno Municipal de Zinacantepec subraya su compromiso con la preservaci\u00f3n del patrimonio hist\u00f3rico y el impulso a las manifestaciones art\u00edsticas que trascienden el tiempo y dan orgullo a la regi\u00f3n.<\/p>\n","protected":false},"excerpt":{"rendered":"<p>Estuvo acompa\u00f1ado por integrantes del cuerpo edilicio, directores de la administraci\u00f3n municipal y familiares del homenajeado. En el marco del aniversario del natalicio del ilustre pintor y acuarelista Pastor Vel\u00e1zquez, el presidente municipal de Zinacantepec, Manuel Vilchis Viveros, encabez\u00f3 una serie de actos solemnes para honrar la memoria de quien es considerado uno de los [&hellip;]<\/p>\n","protected":false},"author":1,"featured_media":104101,"comment_status":"closed","ping_status":"closed","sticky":false,"template":"","format":"standard","meta":{"footnotes":""},"categories":[36],"tags":[],"class_list":["post-104098","post","type-post","status-publish","format-standard","has-post-thumbnail","hentry","category-edomex"],"_links":{"self":[{"href":"https:\/\/elinformante.mx\/index.php?rest_route=\/wp\/v2\/posts\/104098","targetHints":{"allow":["GET"]}}],"collection":[{"href":"https:\/\/elinformante.mx\/index.php?rest_route=\/wp\/v2\/posts"}],"about":[{"href":"https:\/\/elinformante.mx\/index.php?rest_route=\/wp\/v2\/types\/post"}],"author":[{"embeddable":true,"href":"https:\/\/elinformante.mx\/index.php?rest_route=\/wp\/v2\/users\/1"}],"replies":[{"embeddable":true,"href":"https:\/\/elinformante.mx\/index.php?rest_route=%2Fwp%2Fv2%2Fcomments&post=104098"}],"version-history":[{"count":0,"href":"https:\/\/elinformante.mx\/index.php?rest_route=\/wp\/v2\/posts\/104098\/revisions"}],"wp:featuredmedia":[{"embeddable":true,"href":"https:\/\/elinformante.mx\/index.php?rest_route=\/wp\/v2\/media\/104101"}],"wp:attachment":[{"href":"https:\/\/elinformante.mx\/index.php?rest_route=%2Fwp%2Fv2%2Fmedia&parent=104098"}],"wp:term":[{"taxonomy":"category","embeddable":true,"href":"https:\/\/elinformante.mx\/index.php?rest_route=%2Fwp%2Fv2%2Fcategories&post=104098"},{"taxonomy":"post_tag","embeddable":true,"href":"https:\/\/elinformante.mx\/index.php?rest_route=%2Fwp%2Fv2%2Ftags&post=104098"}],"curies":[{"name":"wp","href":"https:\/\/api.w.org\/{rel}","templated":true}]}}