{"id":104100,"date":"2026-04-29T05:41:34","date_gmt":"2026-04-29T11:41:34","guid":{"rendered":"https:\/\/elinformante.mx\/?p=104100"},"modified":"2026-04-29T05:42:24","modified_gmt":"2026-04-29T11:42:24","slug":"ana-muniz-encabeza-la-primera-sesion-del-coplademun-2026","status":"publish","type":"post","link":"https:\/\/elinformante.mx\/?p=104100","title":{"rendered":"Ana Mu\u00f1iz encabeza la primera sesi\u00f3n del COPLADEMUN 2026"},"content":{"rendered":"\n<figure class=\"wp-block-pullquote\"><blockquote><p>Agradeci\u00f3 el compromiso de los integrantes del Comit\u00e9, reafirmando que la unidad es la base para alcanzar los objetivos de crecimiento en el municipio.<\/p><\/blockquote><\/figure>\n\n\n\n<p class=\"has-drop-cap\">Con el objetivo de consolidar un gobierno transparente y de resultados, la presidenta municipal Ana Mu\u00f1iz Neyra encabez\u00f3 la Primera Sesi\u00f3n Ordinaria del Comit\u00e9 de Planeaci\u00f3n para el Desarrollo Municipal (COPLADEMUN) correspondiente al ejercicio 2026.<br><\/p>\n\n\n\n<p>Durante la sesi\u00f3n, la edil present\u00f3 un informe detallado de los resultados alcanzados hasta el momento y revis\u00f3 las metas establecidas en el Plan de Desarrollo Municipal. Asimismo, se dio a conocer el Plan Anual de Evaluaci\u00f3n 2026, herramienta clave para supervisar la efectividad de los programas sociales y las obras p\u00fablicas que se ejecutan en favor de la ciudadan\u00eda atenquense.<br><\/p>\n\n\n\n<p>\u201cEstamos trabajando bajo una ruta clara de planeaci\u00f3n y cumplimiento. Con la presentaci\u00f3n de este Plan Anual de Evaluaci\u00f3n, aseguramos que cada acci\u00f3n de gobierno tenga un impacto real y positivo en la calidad de vida de nuestras familias\u201d, puntualiz\u00f3 Mu\u00f1iz Neyra.<br><\/p>\n\n\n\n<p>El evento cont\u00f3 con la presencia del Lic. Juan Carlos Orantes, Director de Evaluaci\u00f3n y Seguimiento del COPLADEM, quien asisti\u00f3 en representaci\u00f3n del Director General del organismo estatal, Rafael Flores. La colaboraci\u00f3n entre ambos niveles de gobierno subraya el compromiso de San Mateo Atenco con los est\u00e1ndares estatales de desarrollo y evaluaci\u00f3n de pol\u00edticas p\u00fablicas.<br><\/p>\n\n\n\n<p>Finalmente, la presidenta municipal agradeci\u00f3 el compromiso de los integrantes del Comit\u00e9, reafirmando que la unidad es la base para alcanzar los objetivos de crecimiento en el municipio. Bajo la premisa \u201cUnidos S\u00ed, Unidos Siempre\u201d, el gobierno local asegura la continuidad de un desarrollo ordenado y con visi\u00f3n de futuro para todas las familias del municipio.<\/p>\n","protected":false},"excerpt":{"rendered":"<p>Agradeci\u00f3 el compromiso de los integrantes del Comit\u00e9, reafirmando que la unidad es la base para alcanzar los objetivos de crecimiento en el municipio. Con el objetivo de consolidar un gobierno transparente y de resultados, la presidenta municipal Ana Mu\u00f1iz Neyra encabez\u00f3 la Primera Sesi\u00f3n Ordinaria del Comit\u00e9 de Planeaci\u00f3n para el Desarrollo Municipal (COPLADEMUN) [&hellip;]<\/p>\n","protected":false},"author":1,"featured_media":104104,"comment_status":"closed","ping_status":"closed","sticky":false,"template":"","format":"standard","meta":{"footnotes":""},"categories":[36],"tags":[],"class_list":["post-104100","post","type-post","status-publish","format-standard","has-post-thumbnail","hentry","category-edomex"],"_links":{"self":[{"href":"https:\/\/elinformante.mx\/index.php?rest_route=\/wp\/v2\/posts\/104100","targetHints":{"allow":["GET"]}}],"collection":[{"href":"https:\/\/elinformante.mx\/index.php?rest_route=\/wp\/v2\/posts"}],"about":[{"href":"https:\/\/elinformante.mx\/index.php?rest_route=\/wp\/v2\/types\/post"}],"author":[{"embeddable":true,"href":"https:\/\/elinformante.mx\/index.php?rest_route=\/wp\/v2\/users\/1"}],"replies":[{"embeddable":true,"href":"https:\/\/elinformante.mx\/index.php?rest_route=%2Fwp%2Fv2%2Fcomments&post=104100"}],"version-history":[{"count":0,"href":"https:\/\/elinformante.mx\/index.php?rest_route=\/wp\/v2\/posts\/104100\/revisions"}],"wp:featuredmedia":[{"embeddable":true,"href":"https:\/\/elinformante.mx\/index.php?rest_route=\/wp\/v2\/media\/104104"}],"wp:attachment":[{"href":"https:\/\/elinformante.mx\/index.php?rest_route=%2Fwp%2Fv2%2Fmedia&parent=104100"}],"wp:term":[{"taxonomy":"category","embeddable":true,"href":"https:\/\/elinformante.mx\/index.php?rest_route=%2Fwp%2Fv2%2Fcategories&post=104100"},{"taxonomy":"post_tag","embeddable":true,"href":"https:\/\/elinformante.mx\/index.php?rest_route=%2Fwp%2Fv2%2Ftags&post=104100"}],"curies":[{"name":"wp","href":"https:\/\/api.w.org\/{rel}","templated":true}]}}