{"id":104111,"date":"2026-04-29T05:59:36","date_gmt":"2026-04-29T11:59:36","guid":{"rendered":"https:\/\/elinformante.mx\/?p=104111"},"modified":"2026-04-29T05:59:42","modified_gmt":"2026-04-29T11:59:42","slug":"uaemex-presenta-la-convocatoria-internacional-arte-abierto-arte-para-todos-2026","status":"publish","type":"post","link":"https:\/\/elinformante.mx\/?p=104111","title":{"rendered":"UAEM\u00e9x presenta la convocatoria internacional \u201cArte Abierto, Arte para Todos 2026\u201d"},"content":{"rendered":"\n<figure class=\"wp-block-pullquote\"><blockquote><p>Seleccionar\u00e1 tres proyectos expositivos con enfoque social y podr\u00e1n participar artistas emergentes y consolidados de todo el mundo.<\/p><\/blockquote><\/figure>\n\n\n\n<p class=\"has-drop-cap\">La Universidad Aut\u00f3noma del Estado de M\u00e9xico (UAEM\u00e9x), a trav\u00e9s del Museo Universitario \u201cLeopoldo Flores\u201d (MULF), present\u00f3 la decimonovena edici\u00f3n de la convocatoria internacional \u201cArte Abierto, Arte para Todos 2026\u201d, una iniciativa que se consolida como un espacio incluyente para la exhibici\u00f3n de propuestas de arte contempor\u00e1neo.<br><\/p>\n\n\n\n<p>A la presentaci\u00f3n de la convocatoria asistieron Guillermina Mart\u00ednez Rocha, directora de Museos y Galer\u00edas de la UAEM\u00e9x; Gabriela Morales San Juan, encargada del despacho de la direcci\u00f3n del MULF, y Omar Jaimes Esquivel, curador del museo.<br><\/p>\n\n\n\n<p>Mart\u00ednez Rocha destac\u00f3 que esta iniciativa responde al compromiso institucional de fomentar espacios de reflexi\u00f3n y an\u00e1lisis a trav\u00e9s del arte. A\u00f1adi\u00f3 que la convocatoria fortalece el v\u00ednculo entre la universidad y la sociedad al propiciar el encuentro entre artistas emergentes, colectivos y creadores consolidados, cuyas propuestas abordan temas de relevancia social.<br><\/p>\n\n\n\n<p>Explic\u00f3 que la selecci\u00f3n de proyectos est\u00e1 a cargo de un jurado aut\u00f3nomo, lo que garantiza un proceso transparente basado en la calidad y pertinencia de las propuestas. Record\u00f3 que en ediciones anteriores se han registrado m\u00e1s de 100 proyectos, lo que anticipa una alta participaci\u00f3n para 2026.<br><\/p>\n\n\n\n<p>Gabriela Morales se\u00f1al\u00f3 que esta convocatoria tiene su origen en el legado del artista Leopoldo Flores, quien en la d\u00e9cada de 1970 impuls\u00f3 una visi\u00f3n de arte joven, din\u00e1mico, revolucionario y abierto. En este sentido, destac\u00f3 que el objetivo es ofrecer un espacio a artistas \u2014tanto universitarios como externos, nacionales e internacionales\u2014 para exhibir proyectos que dialoguen con problem\u00e1ticas contempor\u00e1neas, especialmente de car\u00e1cter social.<br><\/p>\n\n\n\n<p>Subray\u00f3 que, desde su transici\u00f3n al formato digital entre 2014 y 2015, la convocatoria ha ampliado de manera significativa su alcance, permitiendo la participaci\u00f3n de creadores de diversas regiones del pa\u00eds y del extranjero.<br><\/p>\n\n\n\n<p>Cada a\u00f1o se seleccionan tres proyectos expositivos \u2014individuales o colectivos\u2014 que se presentan en las salas D y E del Museo, y que reciben un incentivo econ\u00f3mico de 30 mil pesos como apoyo a su producci\u00f3n.<br><\/p>\n\n\n\n<p>En su intervenci\u00f3n, Omar Jaimes Esquivel present\u00f3 la plataforma digital de registro (arteabierto.uaemex.mx) y explic\u00f3 que el proceso se realiza completamente en l\u00ednea. Detall\u00f3 que las y los participantes deber\u00e1n enviar tres documentos: identificaci\u00f3n oficial, s\u00edntesis curricular y una carpeta de proyecto bajo seud\u00f3nimo, con el fin de asegurar una evaluaci\u00f3n imparcial centrada en la propuesta art\u00edstica.<br><\/p>\n\n\n\n<p>Precis\u00f3 que la convocatoria est\u00e1 dirigida a proyectos expositivos \u2014no a piezas individuales\u2014 e incluye diversas disciplinas del arte contempor\u00e1neo, desde t\u00e9cnicas tradicionales hasta propuestas experimentales como videoarte, instalaci\u00f3n, arte sonoro y bioarte.<br><\/p>\n\n\n\n<p>La convocatoria permanecer\u00e1 abierta hasta el 31 de mayo. Los proyectos seleccionados recibir\u00e1n, adem\u00e1s del incentivo econ\u00f3mico, apoyo en producci\u00f3n museogr\u00e1fica, difusi\u00f3n institucional, cat\u00e1logo y seguro de obra durante su exhibici\u00f3n.<\/p>\n","protected":false},"excerpt":{"rendered":"<p>Seleccionar\u00e1 tres proyectos expositivos con enfoque social y podr\u00e1n participar artistas emergentes y consolidados de todo el mundo. La Universidad Aut\u00f3noma del Estado de M\u00e9xico (UAEM\u00e9x), a trav\u00e9s del Museo Universitario \u201cLeopoldo Flores\u201d (MULF), present\u00f3 la decimonovena edici\u00f3n de la convocatoria internacional \u201cArte Abierto, Arte para Todos 2026\u201d, una iniciativa que se consolida como un [&hellip;]<\/p>\n","protected":false},"author":1,"featured_media":104114,"comment_status":"closed","ping_status":"closed","sticky":false,"template":"","format":"standard","meta":{"footnotes":""},"categories":[30,36],"tags":[],"class_list":["post-104111","post","type-post","status-publish","format-standard","has-post-thumbnail","hentry","category-destacado","category-edomex"],"_links":{"self":[{"href":"https:\/\/elinformante.mx\/index.php?rest_route=\/wp\/v2\/posts\/104111","targetHints":{"allow":["GET"]}}],"collection":[{"href":"https:\/\/elinformante.mx\/index.php?rest_route=\/wp\/v2\/posts"}],"about":[{"href":"https:\/\/elinformante.mx\/index.php?rest_route=\/wp\/v2\/types\/post"}],"author":[{"embeddable":true,"href":"https:\/\/elinformante.mx\/index.php?rest_route=\/wp\/v2\/users\/1"}],"replies":[{"embeddable":true,"href":"https:\/\/elinformante.mx\/index.php?rest_route=%2Fwp%2Fv2%2Fcomments&post=104111"}],"version-history":[{"count":0,"href":"https:\/\/elinformante.mx\/index.php?rest_route=\/wp\/v2\/posts\/104111\/revisions"}],"wp:featuredmedia":[{"embeddable":true,"href":"https:\/\/elinformante.mx\/index.php?rest_route=\/wp\/v2\/media\/104114"}],"wp:attachment":[{"href":"https:\/\/elinformante.mx\/index.php?rest_route=%2Fwp%2Fv2%2Fmedia&parent=104111"}],"wp:term":[{"taxonomy":"category","embeddable":true,"href":"https:\/\/elinformante.mx\/index.php?rest_route=%2Fwp%2Fv2%2Fcategories&post=104111"},{"taxonomy":"post_tag","embeddable":true,"href":"https:\/\/elinformante.mx\/index.php?rest_route=%2Fwp%2Fv2%2Ftags&post=104111"}],"curies":[{"name":"wp","href":"https:\/\/api.w.org\/{rel}","templated":true}]}}